{"id":190798,"date":"2026-04-29T11:31:13","date_gmt":"2026-04-29T11:31:13","guid":{"rendered":"https:\/\/www.europesays.com\/lv\/190798\/"},"modified":"2026-04-29T11:31:13","modified_gmt":"2026-04-29T11:31:13","slug":"maskava-pazino-par-izmainam-9-maija-parade-formats-sasaurinats-tehnika-atvalinajuma","status":"publish","type":"post","link":"https:\/\/www.europesays.com\/lv\/190798\/","title":{"rendered":"Maskava pazi\u0146o par izmai\u0146\u0101m 9. maija par\u0101d\u0113 \u2013 form\u0101ts sa\u0161aurin\u0101ts, tehnika &#8220;atva\u013cin\u0101jum\u0101&#8221;"},"content":{"rendered":"<p>Vienlaikus par\u0101d\u0113 piedal\u012bsies lidma\u0161\u012bnas, piebilda ministrija.<\/p>\n<p>J\u0101piebilst, ka jau vair\u0101kas ned\u0113\u013cas da\u017e\u0101dos Krievijas agresijas atbalsta &#8220;Telegram&#8221; kan\u0101los apspriestas baumas, ka 9. maija milit\u0101r\u0101 par\u0101de Maskav\u0101 notiks ierobe\u017eot\u0101 form\u0101t\u0101.<\/p>\n<p>Iepriek\u0161\u0113jo reizi par\u0101de Maskav\u0101 bez milit\u0101r\u0101s tehnikas tika r\u012bkota 2007. gad\u0101.<\/p>\n<p>P\u0113d\u0113jo m\u0113ne\u0161u laik\u0101 Ukraina akt\u012bvi uzbr\u016bk r\u016bpniecisk\u0101s infrastrukt\u016bras objektiem da\u017e\u0101dos Krievijas re\u0123ionos. T\u0101, piem\u0113ram, boj\u0101jumi nodar\u012bti agresora ost\u0101m Baltijas j\u016br\u0101, k\u0101 ar\u012b naftas p\u0101rstr\u0101des r\u016bpn\u012bcai Tuaps\u0113.<\/p>\n<p><a href=\"https:\/\/tv3.lv\/zinas\/arvalstis\/ukrainas-droni-uzbrukusi-tuapsei-sakta-iedzivotaju-evakuacija\/\" rel=\"nofollow noopener\" target=\"_blank\">Noskaties: Ukrainas droni uzbruku\u0161i Tuapsei; s\u0101kta iedz\u012bvot\u0101ju evaku\u0101cija<\/a><\/p>\n<p>Ukrainas bezpilota sist\u0113mu sp\u0113ku komandieris Roberts Brovdi nesen &#8220;BBC&#8221; pazi\u0146oja, ka &#8220;pusotrs l\u012bdz divi t\u016bksto\u0161i kilometru Krievijas teritorijas dzi\u013cum\u0101 vairs nav mier\u012bg\u0101 zona.&#8221;<\/p>\n<p class=\"tv3-fw-500\">Zi\u0146o par k\u013c\u016bdu rakst\u0101<\/p>\n<p class=\"d-md-block d-none\">Iez\u012bm\u0113 k\u013c\u016bdaino tekstu un spied Ctrl+Enter.<\/p>\n<p class=\"d-md-none d-block\">Iez\u012bm\u0113 k\u013c\u016bdaino tekstu un zi\u0146o par to!<\/p>\n","protected":false},"excerpt":{"rendered":"Vienlaikus par\u0101d\u0113 piedal\u012bsies lidma\u0161\u012bnas, piebilda ministrija. J\u0101piebilst, ka jau vair\u0101kas ned\u0113\u013cas da\u017e\u0101dos Krievijas agresijas atbalsta &#8220;Telegram&#8221; kan\u0101los apspriestas&hellip;\n","protected":false},"author":2,"featured_media":190799,"comment_status":"","ping_status":"","sticky":false,"template":"","format":"standard","meta":{"footnotes":"","_share_on_mastodon":"0"},"categories":[14],"tags":[35666,23,57,28,29,32,33,22,30,31,35,39,38,36,37,34,40,20,26,27,24,25,54,55,56,21,58],"class_list":["post-190798","post","type-post","status-publish","format-standard","has-post-thumbnail","category-zinas-no-arvalstim","tag-9-maijsmaskava","tag-aktualitates","tag-arvalstim","tag-breaking-news","tag-breakingnews","tag-featured-news","tag-featurednews","tag-headlines","tag-latest-news","tag-latestnews","tag-latvia","tag-latvian","tag-latviesu","tag-latviesu-valoda","tag-latviesuvaloda","tag-latvija","tag-lv","tag-news","tag-popularakas-zinas","tag-popularakaszinas","tag-top-stories","tag-topstories","tag-world","tag-world-news","tag-worldnews","tag-zinas","tag-zinas-no-arvalstim"],"share_on_mastodon":{"url":"https:\/\/pubeurope.com\/@lv\/116487774871545144","error":""},"_links":{"self":[{"href":"https:\/\/www.europesays.com\/lv\/wp-json\/wp\/v2\/posts\/190798","targetHints":{"allow":["GET"]}}],"collection":[{"href":"https:\/\/www.europesays.com\/lv\/wp-json\/wp\/v2\/posts"}],"about":[{"href":"https:\/\/www.europesays.com\/lv\/wp-json\/wp\/v2\/types\/post"}],"author":[{"embeddable":true,"href":"https:\/\/www.europesays.com\/lv\/wp-json\/wp\/v2\/users\/2"}],"replies":[{"embeddable":true,"href":"https:\/\/www.europesays.com\/lv\/wp-json\/wp\/v2\/comments?post=190798"}],"version-history":[{"count":0,"href":"https:\/\/www.europesays.com\/lv\/wp-json\/wp\/v2\/posts\/190798\/revisions"}],"wp:featuredmedia":[{"embeddable":true,"href":"https:\/\/www.europesays.com\/lv\/wp-json\/wp\/v2\/media\/190799"}],"wp:attachment":[{"href":"https:\/\/www.europesays.com\/lv\/wp-json\/wp\/v2\/media?parent=190798"}],"wp:term":[{"taxonomy":"category","embeddable":true,"href":"https:\/\/www.europesays.com\/lv\/wp-json\/wp\/v2\/categories?post=190798"},{"taxonomy":"post_tag","embeddable":true,"href":"https:\/\/www.europesays.com\/lv\/wp-json\/wp\/v2\/tags?post=190798"}],"curies":[{"name":"wp","href":"https:\/\/api.w.org\/{rel}","templated":true}]}}