{"id":19093,"date":"2025-10-12T10:59:13","date_gmt":"2025-10-12T10:59:13","guid":{"rendered":"https:\/\/www.europesays.com\/lv\/19093\/"},"modified":"2025-10-12T10:59:13","modified_gmt":"2025-10-12T10:59:13","slug":"tramps-pazino-par-jaunu-100-tarifu-kinai","status":"publish","type":"post","link":"https:\/\/www.europesays.com\/lv\/19093\/","title":{"rendered":"Tramps pazi\u0146o par jaunu 100% tarifu \u0136\u012bnai"},"content":{"rendered":"<p>Tramps sac\u012bja, ka \u0161\u012bs papildu muitas nodevas, k\u0101 ar\u012b <a href=\"https:\/\/www.tvnet.lv\/term\/555410\/asv\" class=\"topicLink\" target=\"_blank\" rel=\"nofollow noopener\">ASV<\/a> eksporta kontrole &#8220;kritisk\u0101s programmat\u016bras&#8221; jom\u0101 st\u0101sies sp\u0113k\u0101 no 1. novembra, atbildot uz Pekinas &#8220;\u0101rk\u0101rt\u012bgi agres\u012bv\u0101m&#8221; darb\u012bb\u0101m.<\/p>\n<p>&#8220;Nav iesp\u0113jams notic\u0113t, ka <a href=\"https:\/\/www.tvnet.lv\/term\/555483\/kina\" class=\"topicLink\" target=\"_blank\" rel=\"nofollow noopener\">\u0136\u012bna<\/a> b\u016btu \u0161\u0101di r\u012bkojusies, bet t\u0101 ir to izdar\u012bjusi, un p\u0101r\u0113jais ir v\u0113sture,&#8221; Tramps rakst\u012bja sav\u0101 soci\u0101lo mediju vietn\u0113 &#8220;Truth Social&#8221;.<\/p>\n<p>Tramps pirms tam piektdien pazi\u0146oja, ka vairs neuzskata par nepiecie\u0161amu \u0161om\u0113nes tikties ar Sji, k\u0101 ar\u012b nosod\u012bja Pekinu par naid\u012bgu tirdzniec\u012bbas praksi un draud\u0113ja ar milz\u012bgiem muitas tarifiem.<\/p>\n<p>&#8220;\u0136\u012bn\u0101 notiek \u013coti d\u012bvainas lietas! Vi\u0146i k\u013c\u016bst \u013coti naid\u012bgi,&#8221; Tramps nor\u0101d\u012bja platform\u0101 &#8220;Truth Social&#8221;. Vi\u0146\u0161 pauda sa\u0161utumu par to, ka \u0136\u012bna piem\u0113ro eksporta kontroli retzemju miner\u0101liem, kas ir svar\u012bgs moderno tehnolo\u0123iju komponents.<\/p>\n<p>&#8220;Man bija paredz\u0113ts tikties ar prezidentu Sji p\u0113c div\u0101m ned\u0113\u013c\u0101m \u0100zijas un Klus\u0101 oke\u0101na ekonomisk\u0101 sadarb\u012bbas (APEC) san\u0101ksm\u0113 Dienvidkorej\u0101, bet tagad, \u0161\u0137iet, nav iemesla to dar\u012bt,&#8221; kl\u0101st\u012bja Tramps.<\/p>\n<p>&#8220;Viena no r\u012bc\u012bbpolitik\u0101m, ko m\u0113s \u0161obr\u012bd izstr\u0101d\u0101jam, ir mas\u012bva tarifu palielin\u0101\u0161ana \u0136\u012bnas produktiem, kas tiek ievesti ASV,&#8221; nor\u0101d\u012bja Tramps, piebilstot, ka vi\u0146\u0161 apsver &#8220;daudzus citus pretpas\u0101kumus&#8221;. Prezidents piebilda, ka vi\u0146\u0161 nav run\u0101jis ar Sji par \u0161o jaut\u0101jumu.<\/p>\n<p>Saasinoties tirdzniec\u012bbas karam starp ASV un \u0136\u012bnu, piektdien iev\u0113rojami krit\u0101s akciju cenas Volstr\u012bt\u0101.<\/p>\n<p>\u0136\u012bnas preces pa\u0161laik ir pak\u013cautas 30% tarifam, kuru Tramps noteica, aps\u016bdzot Pekinu fentanila tirdzniec\u012bbas veicin\u0101\u0161an\u0101 un negod\u012bg\u0101 tirdzniec\u012bbas praks\u0113.<\/p>\n<p>\u0136\u012bnas noteiktie atbildes <a href=\"https:\/\/www.tvnet.lv\/term\/559982\/tarifi\" class=\"topicLink\" target=\"_blank\" rel=\"nofollow noopener\">tarifi<\/a> ASV prec\u0113m ir 10% apm\u0113r\u0101.<\/p>\n","protected":false},"excerpt":{"rendered":"Tramps sac\u012bja, ka \u0161\u012bs papildu muitas nodevas, k\u0101 ar\u012b ASV eksporta kontrole &#8220;kritisk\u0101s programmat\u016bras&#8221; jom\u0101 st\u0101sies sp\u0113k\u0101 no&hellip;\n","protected":false},"author":2,"featured_media":19094,"comment_status":"","ping_status":"","sticky":false,"template":"","format":"standard","meta":{"footnotes":""},"categories":[14],"tags":[23,57,292,6243,28,29,542,32,33,22,4213,30,31,35,39,38,36,37,34,40,20,26,27,1596,24,25,54,55,56,21,58],"class_list":{"0":"post-19093","1":"post","2":"type-post","3":"status-publish","4":"format-standard","5":"has-post-thumbnail","7":"category-zinas-no-arvalstim","8":"tag-aktualitates","9":"tag-arvalstim","10":"tag-asv","11":"tag-asv-muitas-tarifi","12":"tag-breaking-news","13":"tag-breakingnews","14":"tag-donalds-tramps","15":"tag-featured-news","16":"tag-featurednews","17":"tag-headlines","18":"tag-kina","19":"tag-latest-news","20":"tag-latestnews","21":"tag-latvia","22":"tag-latvian","23":"tag-latviesu","24":"tag-latviesu-valoda","25":"tag-latviesuvaloda","26":"tag-latvija","27":"tag-lv","28":"tag-news","29":"tag-popularakas-zinas","30":"tag-popularakaszinas","31":"tag-tarifi","32":"tag-top-stories","33":"tag-topstories","34":"tag-world","35":"tag-world-news","36":"tag-worldnews","37":"tag-zinas","38":"tag-zinas-no-arvalstim"},"share_on_mastodon":{"url":"","error":""},"_links":{"self":[{"href":"https:\/\/www.europesays.com\/lv\/wp-json\/wp\/v2\/posts\/19093","targetHints":{"allow":["GET"]}}],"collection":[{"href":"https:\/\/www.europesays.com\/lv\/wp-json\/wp\/v2\/posts"}],"about":[{"href":"https:\/\/www.europesays.com\/lv\/wp-json\/wp\/v2\/types\/post"}],"author":[{"embeddable":true,"href":"https:\/\/www.europesays.com\/lv\/wp-json\/wp\/v2\/users\/2"}],"replies":[{"embeddable":true,"href":"https:\/\/www.europesays.com\/lv\/wp-json\/wp\/v2\/comments?post=19093"}],"version-history":[{"count":0,"href":"https:\/\/www.europesays.com\/lv\/wp-json\/wp\/v2\/posts\/19093\/revisions"}],"wp:featuredmedia":[{"embeddable":true,"href":"https:\/\/www.europesays.com\/lv\/wp-json\/wp\/v2\/media\/19094"}],"wp:attachment":[{"href":"https:\/\/www.europesays.com\/lv\/wp-json\/wp\/v2\/media?parent=19093"}],"wp:term":[{"taxonomy":"category","embeddable":true,"href":"https:\/\/www.europesays.com\/lv\/wp-json\/wp\/v2\/categories?post=19093"},{"taxonomy":"post_tag","embeddable":true,"href":"https:\/\/www.europesays.com\/lv\/wp-json\/wp\/v2\/tags?post=19093"}],"curies":[{"name":"wp","href":"https:\/\/api.w.org\/{rel}","templated":true}]}}