{"id":191072,"date":"2026-04-29T18:17:36","date_gmt":"2026-04-29T18:17:36","guid":{"rendered":"https:\/\/www.europesays.com\/lv\/191072\/"},"modified":"2026-04-29T18:17:36","modified_gmt":"2026-04-29T18:17:36","slug":"the-sound-poets-izlaiz-piekto-albumu-katram-kugim-savs-cels-un-gatavojas-lielkoncertam-mezaparka-lente-lv","status":"publish","type":"post","link":"https:\/\/www.europesays.com\/lv\/191072\/","title":{"rendered":"The Sound Poets izlai\u017e piekto albumu &#8220;Katram ku\u0123im savs ce\u013c\u0161&#8221; un gatavojas lielkoncertam Me\u017eapark\u0101\u00a0\u2014\u00a0Lente.lv"},"content":{"rendered":"<p>Jauns albums un gaid\u0101mais koncerts<\/p>\n<p>Latvie\u0161u melanholisk\u0101 poproka grupa \u201cThe Sound Poets\u201d \u0161aj\u0101 pavasar\u012b ir izdevusi savu piekto studijas albumu ar nosaukumu \u201cKatram ku\u0123im savs ce\u013c\u0161\u201d. Album\u0101 iek\u013cauti desmit jauni ska\u0146darbi latvie\u0161u valod\u0101, un tas tapis sadarb\u012bb\u0101 ar igau\u0146u m\u016bzi\u0137i un producentu Erki P\u0101rnoju, kur\u0161 pla\u0161\u0101k paz\u012bstams k\u0101 grupas \u201cEwert and the Two Dragons\u201d dal\u012bbnieks. K\u0101 zi\u0146o av\u012bze Diena, albuma ieraksts liel\u0101koties noticis \u201cClockwork\u201d studij\u0101 Tallin\u0101, sadarbojoties ar ska\u0146u in\u017eenieri P\u0113teru Salmelu. Lai atz\u012bm\u0113tu jaun\u0101 albuma izn\u0101k\u0161anu, grupa aicina klaus\u012bt\u0101jus uz savu pirmo br\u012bvdabas lielkoncertu R\u012bg\u0101, Me\u017eaparka Za\u013caj\u0101 te\u0101tr\u012b, kas norisin\u0101sies 2026. gada 29. august\u0101.<\/p>\n<p>Albuma \u201cKatram ku\u0123im savs ce\u013c\u0161\u201d tap\u0161anas process<\/p>\n<p>Grupas dal\u012bbnieki atkl\u0101j, ka piektais albums ir noz\u012bm\u012bgs sasniegums, un t\u0101 tap\u0161anas process bijis \u012bpa\u0161i emocion\u0101ls un ar saj\u016bt\u0101m pies\u0101tin\u0101ts. \u201cMums bija t\u0101 laime kop\u012bgi piedz\u012bvot tie\u0161\u0101m ma\u0123iskus mirk\u013cus,\u201d par darbu studij\u0101 st\u0101sta grupas m\u016bzi\u0137i, pau\u017eot cer\u012bbu, ka da\u013ca \u0161\u012bs ma\u0123ijas non\u0101ks ar\u012b pie klaus\u012bt\u0101jiem. Vi\u0146i izsaka pateic\u012bbu par iesp\u0113ju rad\u012bt m\u016bziku jau piecu albumu garum\u0101 un par klaus\u012bt\u0101ju atbalstu. Albuma v\u0113stnesi un ener\u0123iski vasar\u012bgo dziesmu \u201cB\u0101ka\u201d raksturo k\u0101 gaismas staru, kas, cauri tumsai, r\u0101da ce\u013cu.<\/p>\n<p>Par grupu The Sound Poets un gaid\u0101mo koncertu<\/p>\n<p>\u201cThe Sound Poets\u201d (no ang\u013cu valodas \u2013 \u2018ska\u0146u dzejnieki\u2019) ir 2011. gad\u0101 izveidota Latvijas ind\u012bpopa grupa. T\u0101s sast\u0101v\u0101 ir J\u0101nis Ai\u0161purs (balss, tausti\u0146i, \u0123it\u0101ra), Normunds Luk\u0161a (\u0123it\u0101ra), Und\u012bne Balode (\u010dells), K\u0101rlis Josts (bas\u0123it\u0101ra). Grupa darbojas Latvijas m\u016bzikas vid\u0113 vair\u0101k nek\u0101 10 gadus, radot radio hitus un iecien\u012btas dziesmas. Vi\u0146u m\u016bzikai rakstur\u012bgs tie\u0161s cilv\u0113ka iek\u0161\u0113j\u0101s pasaules atspogu\u013cojums, dinamisks skan\u0113jums, kur\u0101 trauslas emocijas mijas ar melodisku un kinematogr\u0101fisku pla\u0161umu. Koncerts Me\u017eaparka Za\u013caj\u0101 te\u0101tr\u012b ir grupas sen lolota iecere, kas sol\u0101s b\u016bt neaizmirstams vakars klaus\u012bt\u0101jiem. Iepriek\u0161\u0113jie singli, piem\u0113ram, \u201cTavi v\u0101rdi v\u0113tru ies\u0113j\u201d un \u201cTu man\u012b ugunis dedz\u201d, jau nor\u0101d\u012bju\u0161i uz jauniem muzik\u0101liem eksperimentiem un grupas m\u012blest\u012bbu pret autentisku skan\u0113jumu.<\/p>\n<p>Piektais albums \u2013 jaunas muzik\u0101l\u0101s nian\u0161es<\/p>\n<p>Jaunais albums \u201cKatram ku\u0123im savs ce\u013c\u0161\u201d turpina grupas trad\u012bciju rad\u012bt m\u016bziku, balstoties uz kolekt\u012bvo rado\u0161o ener\u0123iju. Iepriek\u0161\u0113jo albumu vid\u016b ir \u201cTavs st\u0101sts\u201d, kas ieguva \u201cZelta mikrofona\u201d balvu par lab\u0101ko pop\/rok albumu 2013. gad\u0101, un \u201cPuls\u0113\u201d. Grupas m\u016bzik\u0101 bie\u017ei vien tiek p\u0113t\u012btas emocijas, cer\u012bbas un bailes, atspogu\u013cojot cilv\u0113ka iek\u0161\u0113jo pasauli. Jaunais albums sola klaus\u012bt\u0101jiem bag\u0101t\u012bgu muzik\u0101lo pieredzi, kur\u0101 katra dziesma ir savdab\u012bgs st\u0101sts, kas atkl\u0101j jaunus skan\u0113juma un tematisko risin\u0101jumu sl\u0101\u0146us.<\/p>\n","protected":false},"excerpt":{"rendered":"Jauns albums un gaid\u0101mais koncerts Latvie\u0161u melanholisk\u0101 poproka grupa \u201cThe Sound Poets\u201d \u0161aj\u0101 pavasar\u012b ir izdevusi savu piekto&hellip;\n","protected":false},"author":2,"featured_media":191073,"comment_status":"","ping_status":"","sticky":false,"template":"","format":"standard","meta":{"footnotes":"","_share_on_mastodon":"0"},"categories":[19],"tags":[89,90,35711,656,35,39,38,35712,36,37,34,40,103,6856],"class_list":["post-191072","post","type-post","status-publish","format-standard","has-post-thumbnail","category-izklaide","tag-entertainment","tag-izklaide","tag-katram-kugim-savs-cels","tag-koncerts-riga","tag-latvia","tag-latvian","tag-latviesu","tag-latviesu-poproks","tag-latviesu-valoda","tag-latviesuvaloda","tag-latvija","tag-lv","tag-muzika","tag-the-sound-poets"],"share_on_mastodon":{"url":"https:\/\/pubeurope.com\/@lv\/116489371251869636","error":""},"_links":{"self":[{"href":"https:\/\/www.europesays.com\/lv\/wp-json\/wp\/v2\/posts\/191072","targetHints":{"allow":["GET"]}}],"collection":[{"href":"https:\/\/www.europesays.com\/lv\/wp-json\/wp\/v2\/posts"}],"about":[{"href":"https:\/\/www.europesays.com\/lv\/wp-json\/wp\/v2\/types\/post"}],"author":[{"embeddable":true,"href":"https:\/\/www.europesays.com\/lv\/wp-json\/wp\/v2\/users\/2"}],"replies":[{"embeddable":true,"href":"https:\/\/www.europesays.com\/lv\/wp-json\/wp\/v2\/comments?post=191072"}],"version-history":[{"count":0,"href":"https:\/\/www.europesays.com\/lv\/wp-json\/wp\/v2\/posts\/191072\/revisions"}],"wp:featuredmedia":[{"embeddable":true,"href":"https:\/\/www.europesays.com\/lv\/wp-json\/wp\/v2\/media\/191073"}],"wp:attachment":[{"href":"https:\/\/www.europesays.com\/lv\/wp-json\/wp\/v2\/media?parent=191072"}],"wp:term":[{"taxonomy":"category","embeddable":true,"href":"https:\/\/www.europesays.com\/lv\/wp-json\/wp\/v2\/categories?post=191072"},{"taxonomy":"post_tag","embeddable":true,"href":"https:\/\/www.europesays.com\/lv\/wp-json\/wp\/v2\/tags?post=191072"}],"curies":[{"name":"wp","href":"https:\/\/api.w.org\/{rel}","templated":true}]}}