{"id":191088,"date":"2026-04-29T18:35:15","date_gmt":"2026-04-29T18:35:15","guid":{"rendered":"https:\/\/www.europesays.com\/lv\/191088\/"},"modified":"2026-04-29T18:35:15","modified_gmt":"2026-04-29T18:35:15","slug":"maskava-pirms-9-maija-apsver-ierobezot-ari-balto-sarakstu","status":"publish","type":"post","link":"https:\/\/www.europesays.com\/lv\/191088\/","title":{"rendered":"Maskav\u0101 pirms 9. maija apsver ierobe\u017eot ar\u012b &#8220;balto sarakstu&#8221;"},"content":{"rendered":"<p>Saska\u0146\u0101 ar BBC sarunu biedru teikto 5., 7. un 9. maij\u0101 tiks ierobe\u017eoti visi mobilie sakari un, iesp\u0113jams, \u012bszi\u0146u s\u016bt\u012b\u0161ana, k\u0101 ar\u012b &#8220;balto sarakstu&#8221; darb\u012bba. T\u0101 d\u0113v\u0113tajos baltajos sarakstos varasiest\u0101des iek\u013cauj interneta resursus, kas pieejami mobil\u0101 interneta ierobe\u017eojumu laik\u0101.<\/p>\n<p>Paredzams, ka sakaru ierobe\u017eojumi b\u016bs sp\u0113k\u0101 ne tikai Maskavas centr\u0101, bet ar\u012b Maskavas apvedce\u013ca robe\u017e\u0101s, inform\u0113ja BBC avoti, no kuriem viens ir pietuvin\u0101ts telekomunik\u0101ciju uz\u0146\u0113mumam &#8220;Rostelekom&#8221;, bet otrs saist\u012bts ar citu telekomunik\u0101ciju operatoru.<\/p>\n<p>Marta s\u0101kum\u0101 Maskavas centr\u0101 s\u0101ka regul\u0101ri atsl\u0113gt mobilo internetu &#8211; nedarboj\u0101s navig\u0101cija, maks\u0101jumu termin\u0101\u013ci un pat maksas tualetes. Internets faktiski nebija pieejams tr\u012bs ned\u0113\u013cas, un 24. mart\u0101 tas tika atjaunots bez jebk\u0101da pazi\u0146ojuma vai paskaidrojuma.<\/p>\n<p>Krievijas Aizsardz\u012bbas ministrija otrdien pazi\u0146oja, ka 9. maija par\u0101d\u0113 Sarkanaj\u0101 laukum\u0101 nepiedal\u012bsies neviena milit\u0101r\u0101s tehnikas kolonna. Kremlis pazi\u0146oja, ka par\u0101de notiks &#8220;sa\u012bsin\u0101t\u0101 form\u0101t\u0101&#8221; Ukrainas &#8220;terorisma draudu&#8221; d\u0113\u013c.<\/p>\n<p>Ar 9. maija par\u0101di Maskav\u0101 tiek atz\u012bm\u0113ta t\u0101 d\u0113v\u0113t\u0101 Uzvaras diena, pieminot nacistisk\u0101s V\u0101cijas sak\u0101vi.<\/p>\n","protected":false},"excerpt":{"rendered":"Saska\u0146\u0101 ar BBC sarunu biedru teikto 5., 7. un 9. maij\u0101 tiks ierobe\u017eoti visi mobilie sakari un, iesp\u0113jams,&hellip;\n","protected":false},"author":2,"featured_media":191089,"comment_status":"","ping_status":"","sticky":false,"template":"","format":"standard","meta":{"footnotes":"","_share_on_mastodon":"0"},"categories":[14],"tags":[34690,23,57,28,29,32,33,22,234,74,30,31,35,39,38,36,37,34,40,20,26,27,24,25,54,55,56,21,58],"class_list":["post-191088","post","type-post","status-publish","format-standard","has-post-thumbnail","category-zinas-no-arvalstim","tag-9-maijs","tag-aktualitates","tag-arvalstim","tag-breaking-news","tag-breakingnews","tag-featured-news","tag-featurednews","tag-headlines","tag-krievija","tag-krievijas-iebrukums-ukraina","tag-latest-news","tag-latestnews","tag-latvia","tag-latvian","tag-latviesu","tag-latviesu-valoda","tag-latviesuvaloda","tag-latvija","tag-lv","tag-news","tag-popularakas-zinas","tag-popularakaszinas","tag-top-stories","tag-topstories","tag-world","tag-world-news","tag-worldnews","tag-zinas","tag-zinas-no-arvalstim"],"share_on_mastodon":{"url":"https:\/\/pubeurope.com\/@lv\/116489442082733285","error":""},"_links":{"self":[{"href":"https:\/\/www.europesays.com\/lv\/wp-json\/wp\/v2\/posts\/191088","targetHints":{"allow":["GET"]}}],"collection":[{"href":"https:\/\/www.europesays.com\/lv\/wp-json\/wp\/v2\/posts"}],"about":[{"href":"https:\/\/www.europesays.com\/lv\/wp-json\/wp\/v2\/types\/post"}],"author":[{"embeddable":true,"href":"https:\/\/www.europesays.com\/lv\/wp-json\/wp\/v2\/users\/2"}],"replies":[{"embeddable":true,"href":"https:\/\/www.europesays.com\/lv\/wp-json\/wp\/v2\/comments?post=191088"}],"version-history":[{"count":0,"href":"https:\/\/www.europesays.com\/lv\/wp-json\/wp\/v2\/posts\/191088\/revisions"}],"wp:featuredmedia":[{"embeddable":true,"href":"https:\/\/www.europesays.com\/lv\/wp-json\/wp\/v2\/media\/191089"}],"wp:attachment":[{"href":"https:\/\/www.europesays.com\/lv\/wp-json\/wp\/v2\/media?parent=191088"}],"wp:term":[{"taxonomy":"category","embeddable":true,"href":"https:\/\/www.europesays.com\/lv\/wp-json\/wp\/v2\/categories?post=191088"},{"taxonomy":"post_tag","embeddable":true,"href":"https:\/\/www.europesays.com\/lv\/wp-json\/wp\/v2\/tags?post=191088"}],"curies":[{"name":"wp","href":"https:\/\/api.w.org\/{rel}","templated":true}]}}