{"id":19130,"date":"2025-10-12T11:56:08","date_gmt":"2025-10-12T11:56:08","guid":{"rendered":"https:\/\/www.europesays.com\/lv\/19130\/"},"modified":"2025-10-12T11:56:08","modified_gmt":"2025-10-12T11:56:08","slug":"gada-beigas-tiks-partrauktas-mtv-kanalu-parraides-eiropa","status":"publish","type":"post","link":"https:\/\/www.europesays.com\/lv\/19130\/","title":{"rendered":"Gada beig\u0101s tiks p\u0101rtrauktas MTV kan\u0101lu p\u0101rraides Eirop\u0101"},"content":{"rendered":"<p>K\u0101 zi\u0146o Lielbrit\u0101nijas sabiedrisk\u0101 raidorganiz\u0101cija BBC, 31. decembr\u012b Lielbrit\u0101nij\u0101 p\u0101rst\u0101s raid\u012bt &#8220;MTV Music&#8221;, &#8220;MTV 80s&#8221;, &#8220;MTV 90s&#8221;, &#8220;Club <a href=\"https:\/\/www.apollo.lv\/term\/1602\/mtv\" class=\"topicLink\" target=\"_blank\" rel=\"nofollow noopener\">MTV<\/a>&#8221; un &#8220;MTV Live&#8221;.<\/p>\n<p>Tom\u0113r joproj\u0101m b\u016bs pieejams kan\u0101ls &#8220;MTV HD&#8221;, kas tagad pamat\u0101 piev\u0113rsies realit\u0101tes \u0161oviem un izklaides raid\u012bjumiem.<\/p>\n<p>\u0160is l\u0113mums atspogu\u013co tradicion\u0101lo telev\u012bzijas m\u016bzikas kan\u0101lu auditorijas ilgtermi\u0146a samazin\u0101\u0161an\u0101s tendenci, skat\u012bt\u0101jiem arvien liel\u0101k\u0101 m\u0113r\u0101 piev\u0113r\u0161oties t\u0101d\u0101m platform\u0101m k\u0101 &#8220;YouTube&#8221; un &#8220;TikTok&#8221;.<\/p>\n<p>Nozares eksperti nor\u0101da, ka Lielbrit\u0101nijas kan\u0101lu sl\u0113g\u0161ana ir daudz pla\u0161\u0101kas strat\u0113\u0123ijas sast\u0101vda\u013ca. 2025. gada beig\u0101s paredz\u0113ts sl\u0113gt MTV kan\u0101lus ar\u012b vair\u0101k\u0101s Austrumeiropas un Centr\u0101leiropas valst\u012bs. Polij\u0101 un Ung\u0101rij\u0101 p\u0101rst\u0101s raid\u012bt t\u0101di kan\u0101li k\u0101 &#8220;TeenNick&#8221;, &#8220;NickMusic&#8221;, &#8220;Comedy Central Extra&#8221; un &#8220;Paramount Network&#8221;.<\/p>\n<p>L\u012bdz\u012bgas zi\u0146as sa\u0146emtas ar\u012b no Beniluksa valst\u012bm, kur tiks p\u0101rtraukta kan\u0101lu &#8220;MTV 80s&#8221;, &#8220;MTV 00s&#8221; un citu tematisko raid\u012bjumu viet\u0113jo versiju p\u0101rraide.<\/p>\n<p>K\u0101 &#8220;BroadbandTV News&#8221; apstiprin\u0101ju\u0161i ietekm\u0113to platformu operatori, paredz\u0113ts sl\u0113gt ar MTV z\u012bmolu saist\u012btos kan\u0101lus V\u0101cij\u0101 un Austrij\u0101.<\/p>\n<p>Viens no V\u0101cijas operatoriem jau br\u012bdin\u0101jis klientus, ka gada beig\u0101s vis\u0101 valst\u012b tiks p\u0101rtraukta kan\u0101la &#8220;MTV Live HD&#8221; raid\u012b\u0161ana.<\/p>\n<p>&#8220;Paramount&#8221; V\u0101cijas un starptautiskais preses dienests \u0161is zi\u0146as atteicies koment\u0113t.<\/p>\n","protected":false},"excerpt":{"rendered":"K\u0101 zi\u0146o Lielbrit\u0101nijas sabiedrisk\u0101 raidorganiz\u0101cija BBC, 31. decembr\u012b Lielbrit\u0101nij\u0101 p\u0101rst\u0101s raid\u012bt &#8220;MTV Music&#8221;, &#8220;MTV 80s&#8221;, &#8220;MTV 90s&#8221;, &#8220;Club&hellip;\n","protected":false},"author":2,"featured_media":19131,"comment_status":"","ping_status":"","sticky":false,"template":"","format":"standard","meta":{"footnotes":""},"categories":[19],"tags":[427,89,90,35,39,38,36,37,34,40,6229,6227],"class_list":{"0":"post-19130","1":"post","2":"type-post","3":"status-publish","4":"format-standard","5":"has-post-thumbnail","7":"category-izklaide","8":"tag-eiropa","9":"tag-entertainment","10":"tag-izklaide","11":"tag-latvia","12":"tag-latvian","13":"tag-latviesu","14":"tag-latviesu-valoda","15":"tag-latviesuvaloda","16":"tag-latvija","17":"tag-lv","18":"tag-mtv","19":"tag-televizija"},"share_on_mastodon":{"url":"","error":""},"_links":{"self":[{"href":"https:\/\/www.europesays.com\/lv\/wp-json\/wp\/v2\/posts\/19130","targetHints":{"allow":["GET"]}}],"collection":[{"href":"https:\/\/www.europesays.com\/lv\/wp-json\/wp\/v2\/posts"}],"about":[{"href":"https:\/\/www.europesays.com\/lv\/wp-json\/wp\/v2\/types\/post"}],"author":[{"embeddable":true,"href":"https:\/\/www.europesays.com\/lv\/wp-json\/wp\/v2\/users\/2"}],"replies":[{"embeddable":true,"href":"https:\/\/www.europesays.com\/lv\/wp-json\/wp\/v2\/comments?post=19130"}],"version-history":[{"count":0,"href":"https:\/\/www.europesays.com\/lv\/wp-json\/wp\/v2\/posts\/19130\/revisions"}],"wp:featuredmedia":[{"embeddable":true,"href":"https:\/\/www.europesays.com\/lv\/wp-json\/wp\/v2\/media\/19131"}],"wp:attachment":[{"href":"https:\/\/www.europesays.com\/lv\/wp-json\/wp\/v2\/media?parent=19130"}],"wp:term":[{"taxonomy":"category","embeddable":true,"href":"https:\/\/www.europesays.com\/lv\/wp-json\/wp\/v2\/categories?post=19130"},{"taxonomy":"post_tag","embeddable":true,"href":"https:\/\/www.europesays.com\/lv\/wp-json\/wp\/v2\/tags?post=19130"}],"curies":[{"name":"wp","href":"https:\/\/api.w.org\/{rel}","templated":true}]}}