{"id":19135,"date":"2025-10-12T12:02:10","date_gmt":"2025-10-12T12:02:10","guid":{"rendered":"https:\/\/www.europesays.com\/lv\/19135\/"},"modified":"2025-10-12T12:02:10","modified_gmt":"2025-10-12T12:02:10","slug":"sarlize-terona-parizes-modes-nedela-parsteidz-ar-krellem-rotatu-topu-un-balto-uzvalku-lente-lv","status":"publish","type":"post","link":"https:\/\/www.europesays.com\/lv\/19135\/","title":{"rendered":"\u0160arl\u012bze Terona Par\u012bzes modes ned\u0113\u013c\u0101 p\u0101rsteidz ar krell\u0113m rot\u0101tu topu un balto uzvalku\u00a0\u2014\u00a0Lente.lv"},"content":{"rendered":"<p>\u0160arl\u012bzes Teronas drosm\u012bg\u0101 izv\u0113le modes pasaul\u0113<\/p>\n<p>Holivudas zvaigzne \u0160arl\u012bze Terona atkal apliecin\u0101jusi savu drosm\u012bgo un inovat\u012bvo pieeju modei, apmekl\u0113jot modes namam Givenchy modes skati Par\u012bzes modes ned\u0113\u013cas ietvaros. Aktrise izv\u0113l\u0113jusies kopt\u0113lu, kas nebaid\u0101s no eksperimentiem un p\u0101rsteidz ar savu ori\u0123inalit\u0101ti, radot spilgtu un neaizmirstamu iespaidu.<\/p>\n<p>Elegance un provok\u0101cija: baltais bik\u0161kost\u012bms un krell\u0113m rot\u0101ts tops<\/p>\n<p>Teronas t\u0113rpa centr\u0101lais elements bija nevainojams balts bik\u0161kost\u012bms, ko veidoja p\u0101rlaic\u012bgs bleizeris un pla\u0161as bikses. Ta\u010du ierasto krekla vai bl\u016bzes viet\u0101 vi\u0146a izv\u0113l\u0113j\u0101s ko pavisam negaid\u012btu \u2013 topu, kas veidots no mirdzo\u0161u krell\u012b\u0161u virten\u0113m, zem kura bija saskat\u0101ms melns kr\u016b\u0161turis. \u0160\u012b drosm\u012bg\u0101 kombin\u0101cija rad\u012bja intri\u0123\u0113jo\u0161u kontrastu starp stingro piegriezumu un kopt\u0113la jutekliskumu. Krell\u012b\u0161u virtenes, kas drap\u0113j\u0101s p\u0101r vi\u0146as \u0137ermeni, atg\u0101din\u0101ja greznu kaklarotu un vienlaikus darboj\u0101s k\u0101 statement aksesu\u0101rs, pie\u0161\u0137irot t\u0113lam papildu \u0161armu un dinamiku. \u0160is t\u0113rps ir lielisks piem\u0113rs tam, k\u0101 var sp\u0113l\u0113ties ar proporcij\u0101m un tekst\u016br\u0101m, radot patiesi unik\u0101lu vizu\u0101lo efektu. \u0160\u0101ds risin\u0101jums liecina par aktrises gatav\u012bbu izaicin\u0101t modes normas un rad\u012bt savu, neatk\u0101rtojamo stilu.<\/p>\n<p>Dizaina deta\u013cas un Givenchy jaun\u0101 elpa<\/p>\n<p>\u0160o iespaid\u012bgo t\u0113rpu dizain\u0113jusi S\u0101ra B\u0113rtona, kura ir Givenchy jaun\u0101 rado\u0161\u0101 direktore. Vi\u0146as iera\u0161an\u0101s modes nam\u0101 ir ievad\u012bjusi jaunu \u0113ru, kur\u0101 apvienojas klasisk\u0101 eleganc\u0113 ar drosm\u012bgu eksperiment\u0113\u0161anu. Teronas izv\u0113l\u0113tais t\u0113rps ir lielisks apliecin\u0101jums B\u0113rtonas sp\u0113jai rad\u012bt modernos un inovat\u012bvos dizainus, kas nezaud\u0113 modes nama identit\u0101ti. Krell\u012b\u0161u tops, kas izskat\u0101s k\u0101 smalki izstr\u0101d\u0101ta rotaslieta, kop\u0101 ar prec\u012bzi piegriezto balto uzvalku demonstr\u0113 nevainojamu meistar\u012bbu un uzman\u012bbu deta\u013c\u0101m. \u0160is ir ne tikai t\u0113rps, bet ar\u012b m\u0101kslas darbs, kas run\u0101 par m\u016bsdienu modes tendenc\u0113m, kur\u0101s robe\u017eas starp ap\u0123\u0113rbu un aksesu\u0101riem arvien vair\u0101k izpl\u016bst.<\/p>\n<p>Aksesu\u0101ri un kop\u0113jais iespaids<\/p>\n<p>Lai gan t\u0113rpa galven\u0101 uzman\u012bba tika piev\u0113rsta krell\u012b\u0161u topam un baltajam uzvalkam, Terona r\u016bp\u012bgi izv\u0113l\u0113j\u0101s ar\u012b aksesu\u0101rus. Vi\u0146a valk\u0101ja tum\u0161as, ietilp\u012bgas saulesbrilles, kas pie\u0161\u0137\u012bra nosl\u0113pumain\u012bbu vi\u0146as t\u0113lam. Garas, pakarin\u0101mas auskari, kas sader\u0113ja ar krell\u012b\u0161u topu, papildin\u0101ja kop\u0113jo ansambli, radot harmonisku un stil\u012bgu kopt\u0113lu. Atv\u0113rtas melnas kurpes uz pap\u0113\u017ea nosl\u0113dza \u0161o iespaid\u012bgo ansambli, pie\u0161\u0137irot tam vieglumu un modernumu. Visa kompoz\u012bcija liecina par aktrises izcilo gaumi un sp\u0113ju rad\u012bt noz\u012bm\u012bgu modes v\u0113st\u012bjumu pat ar \u0161\u0137ietami vienk\u0101r\u0161iem elementiem.<\/p>\n<p>Terona stila evol\u016bcija un drosm\u012bg\u0101 izpausme<\/p>\n<p>\u0160arl\u012bze Terona vienm\u0113r ir bijusi zin\u0101ma ar savu stil\u012bgumu un sp\u0113ju p\u0101rsteigt. Vi\u0146a bie\u017ei vien izv\u0113las t\u0113rpus, kas atspogu\u013co vi\u0146as sp\u0113c\u012bgo person\u012bbu un neatkar\u012bgo raksturu. \u0160is Givenchy t\u0113rps ir v\u0113l viens pier\u0101d\u012bjums tam, ka aktrise nebaid\u0101s eksperiment\u0113t un izcelties no p\u016b\u013ca. Vi\u0146as pieeja modes pasaulei ir svaiga un drosm\u012bga, liekot aizdom\u0101ties par to, k\u0101 ap\u0123\u0113rbs var kalpot k\u0101 pa\u0161izpausmes l\u012bdzeklis. Sav\u0101s iepriek\u0161\u0113j\u0101s modes izv\u0113l\u0113s vi\u0146a jau ir demonstr\u0113jusi tendenci uz kail\u0101m kr\u016bt\u012bm vai atkl\u0101tu ve\u013cu, un \u0161is Givenchy t\u0113rps ir lo\u0123isks \u0161\u012bs stila evol\u016bcijas turpin\u0101jums, apliecinot vi\u0146as gatav\u012bbu lauzt stereotipus un iet kopsol\u012b ar jaun\u0101kaj\u0101m modes tendenc\u0113m, kur\u0101s arvien bie\u017e\u0101k par\u0101d\u0101s atkl\u0101t\u0101ka un drosm\u012bg\u0101ka ve\u013cas izmanto\u0161ana ap\u0123\u0113rbu kombin\u0101cij\u0101s.<\/p>\n","protected":false},"excerpt":{"rendered":"\u0160arl\u012bzes Teronas drosm\u012bg\u0101 izv\u0113le modes pasaul\u0113 Holivudas zvaigzne \u0160arl\u012bze Terona atkal apliecin\u0101jusi savu drosm\u012bgo un inovat\u012bvo pieeju modei,&hellip;\n","protected":false},"author":2,"featured_media":19136,"comment_status":"","ping_status":"","sticky":false,"template":"","format":"standard","meta":{"footnotes":""},"categories":[19],"tags":[89,6262,90,6264,35,39,38,36,37,34,40,6263,4653,6261],"class_list":{"0":"post-19135","1":"post","2":"type-post","3":"status-publish","4":"format-standard","5":"has-post-thumbnail","7":"category-izklaide","8":"tag-entertainment","9":"tag-givenchy","10":"tag-izklaide","11":"tag-krellisu-tops","12":"tag-latvia","13":"tag-latvian","14":"tag-latviesu","15":"tag-latviesu-valoda","16":"tag-latviesuvaloda","17":"tag-latvija","18":"tag-lv","19":"tag-modes-trends","20":"tag-parizes-modes-nedela","21":"tag-sarlize-terona"},"share_on_mastodon":{"url":"","error":""},"_links":{"self":[{"href":"https:\/\/www.europesays.com\/lv\/wp-json\/wp\/v2\/posts\/19135","targetHints":{"allow":["GET"]}}],"collection":[{"href":"https:\/\/www.europesays.com\/lv\/wp-json\/wp\/v2\/posts"}],"about":[{"href":"https:\/\/www.europesays.com\/lv\/wp-json\/wp\/v2\/types\/post"}],"author":[{"embeddable":true,"href":"https:\/\/www.europesays.com\/lv\/wp-json\/wp\/v2\/users\/2"}],"replies":[{"embeddable":true,"href":"https:\/\/www.europesays.com\/lv\/wp-json\/wp\/v2\/comments?post=19135"}],"version-history":[{"count":0,"href":"https:\/\/www.europesays.com\/lv\/wp-json\/wp\/v2\/posts\/19135\/revisions"}],"wp:featuredmedia":[{"embeddable":true,"href":"https:\/\/www.europesays.com\/lv\/wp-json\/wp\/v2\/media\/19136"}],"wp:attachment":[{"href":"https:\/\/www.europesays.com\/lv\/wp-json\/wp\/v2\/media?parent=19135"}],"wp:term":[{"taxonomy":"category","embeddable":true,"href":"https:\/\/www.europesays.com\/lv\/wp-json\/wp\/v2\/categories?post=19135"},{"taxonomy":"post_tag","embeddable":true,"href":"https:\/\/www.europesays.com\/lv\/wp-json\/wp\/v2\/tags?post=19135"}],"curies":[{"name":"wp","href":"https:\/\/api.w.org\/{rel}","templated":true}]}}