{"id":191415,"date":"2026-04-30T06:31:21","date_gmt":"2026-04-30T06:31:21","guid":{"rendered":"https:\/\/www.europesays.com\/lv\/191415\/"},"modified":"2026-04-30T06:31:21","modified_gmt":"2026-04-30T06:31:21","slug":"ukraina-izsauc-izraelas-vestnieku-saistiba-ar-aizdomam-par-zagtu-graudu-izkrausanu-haifa-lente-lv","status":"publish","type":"post","link":"https:\/\/www.europesays.com\/lv\/191415\/","title":{"rendered":"Ukraina izsauc Izra\u0113las v\u0113stnieku saist\u012bb\u0101 ar aizdom\u0101m par zagtu graudu izkrau\u0161anu Haif\u0101\u00a0\u2014\u00a0Lente.lv"},"content":{"rendered":"<p>Diplom\u0101tisk\u0101 spriedze starp Ukrainu un Izra\u0113lu pieaug<\/p>\n<p>Ukrainas \u0101rlietu ministrs Andris Sibihs pazi\u0146ojis, ka Ukraina ir izsaukusi Izra\u0113las v\u0113stnieku uz sarunu, lai protest\u0113tu pret ku\u0123i ar graudiem, kas, dom\u0101jams, ir nozagti Ukrainas teritorij\u0101 un kuru paredz\u0113ts izkraut Izra\u0113las Haifas ost\u0101. \u0160is ir jau otrs \u0161\u0101da veida incidents apr\u012b\u013ca m\u0113nes\u012b, kas izrais\u012bjis diplom\u0101tiskas sekas.<\/p>\n<p>Aizdomas par zagtajiem graudiem un Izra\u0113las reakcija<\/p>\n<p>Ukrainas puse uzskata, ka ku\u0123is ar Panamas karogu, kas nesen iebraucis Haifas l\u012bc\u012b, p\u0101rvad\u0101 graudus no Krievijas okup\u0113taj\u0101m Ukrainas teritorij\u0101m. Ukraina ir br\u012bdin\u0101jusi par iesp\u0113jam\u0101m diplom\u0101tisk\u0101m sek\u0101m, ja Izra\u0113la at\u013caus ku\u0123im izkraut savu kravu. Ukrainas \u0101rlietu ministrs Sibihs paudis neizpratni par Izra\u0113las iepriek\u0161\u0113jo nerea\u0123\u0113\u0161anu uz l\u012bdz\u012bgu gad\u012bjumu, kad apr\u012b\u013ca vid\u016b Haif\u0101 piest\u0101ja ku\u0123is &#8220;Abinsk&#8221; ar gandr\u012bz 44 000 tonnu zagtu Ukrainas kvie\u0161u. Izra\u0113las \u0101rlietu ministrs Gideons S\u0101rs noraid\u012bjis Kijivas aps\u016bdz\u012bbas, uzsverot, ka t\u0101s nav pamatotas ar pier\u0101d\u012bjumiem un diplom\u0101tisk\u0101s attiec\u012bbas nedr\u012bkst\u0113tu veidot caur soci\u0101lajiem medijiem vai presi. Vi\u0146\u0161 nor\u0101d\u012bjis, ka nevar p\u0101rbaud\u012bt apgalvojumus, jo ku\u0123is v\u0113l nav ien\u0101cis ost\u0101 un iesniedzis dokumentus. Izra\u0113la uzsver, ka juridiskiem jaut\u0101jumiem j\u0101balst\u0101s uz pier\u0101d\u012bjumiem.<\/p>\n<p>Iepriek\u0161\u0113jie gad\u012bjumi un Izra\u0113las izmekl\u0113\u0161anas<\/p>\n<p>Saska\u0146\u0101 ar Izra\u0113las laikraksta &#8220;Haaretz&#8221; veikt\u0101s izmekl\u0113\u0161anas datiem, \u0161ogad Izra\u0113l\u0101 jau ir izkrautas vismaz \u010detras zagtas Ukrainas graudu kravas. \u0160is ir otrs gad\u012bjums apr\u012bl\u012b, kad tiek zi\u0146ots par potenci\u0101li zagtu Ukrainas graudu pieg\u0101di uz Izra\u0113lu. Pirmais gad\u012bjums saist\u012bts ar ku\u0123i &#8220;Abinsk&#8221;, kas Haif\u0101 nog\u0101d\u0101ja lab\u012bbu no Krievijas okup\u0113taj\u0101m teritorij\u0101m. Ukrainas \u0123ener\u0101lprokurat\u016bra jau iepriek\u0161 piepras\u012bja Izra\u0113lai konfisc\u0113t ku\u0123i &#8220;Abinsk&#8221; un piepras\u012bja aizliegt t\u0101 iebrauk\u0161anu Izra\u0113l\u0101, pamatojoties uz aizdom\u0101m par sankciju pret Krieviju p\u0101rk\u0101p\u0161anu.<\/p>\n<p>Pla\u0123i\u0101ts par zagtajiem graudiem un starptautisk\u0101s attiec\u012bbas<\/p>\n<p>Ukrainas prezidents Volodimirs Zelenskis ir izteicies, ka zagtu pre\u010du ieg\u0101de ir nodar\u012bjums, un aicin\u0101jis uz juridisku atbild\u012bbu. Vi\u0146\u0161 uzsv\u0113ris, ka Krievijas neleg\u0101l\u0101 tirdzniec\u012bba ar Ukrainas graudiem nedr\u012bkst apdraud\u0113t draudz\u012bg\u0101s attiec\u012bbas starp Ukrainu un Izra\u0113lu. Ukraina gatavo sankciju pakotni pret person\u0101m, kas iesaist\u012btas \u0161aj\u0101 graudu p\u0101rvad\u0101\u0161an\u0101. Starptautiskie mediji, piem\u0113ram, &#8220;Axios&#8221; un &#8220;Reuters&#8221;, zi\u0146o par \u0161o situ\u0101ciju, nor\u0101dot, ka, ja ku\u0123im &#8220;Panormitis&#8221; tiks \u013cauts piest\u0101t un izkraut kravu, Ukraina var\u0113tu izmantot visas pieejam\u0101s diplom\u0101tisk\u0101s un starptautisk\u0101s tiesisk\u0101s iesp\u0113jas.<\/p>\n<p>Ukrainas graudu eksporta konteksts<\/p>\n<p>Ukraina ir viena no pasaules vado\u0161aj\u0101m lab\u012bbas pieg\u0101d\u0101t\u0101j\u0101m. P\u0113c Krievijas pilna m\u0113roga iebrukuma graudu eksports no Ukrainas ir bijis apgr\u016btin\u0101ts, \u012bpa\u0161i p\u0113c tam, kad Krievija izst\u0101j\u0101s no Meln\u0101s j\u016bras graudu iniciat\u012bvas. Lai nodro\u0161in\u0101tu eksportu, Ukraina ir att\u012bst\u012bjusi alternat\u012bvus mar\u0161rutus, tostarp caur Eiropas Savien\u012bbu un Lietuvas ost\u0101m. Saska\u0146\u0101 ar prognoz\u0113m, Ukrainas graudu ra\u017eo\u0161ana un eksports tuv\u0101kajos gados var\u0113tu samazin\u0101ties, ko ietekm\u0113 samazin\u0101tie kr\u0101jumi un Krievijas infrastrukt\u016bras trauc\u0113\u0161ana.<\/p>\n","protected":false},"excerpt":{"rendered":"Diplom\u0101tisk\u0101 spriedze starp Ukrainu un Izra\u0113lu pieaug Ukrainas \u0101rlietu ministrs Andris Sibihs pazi\u0146ojis, ka Ukraina ir izsaukusi Izra\u0113las&hellip;\n","protected":false},"author":2,"featured_media":191416,"comment_status":"","ping_status":"","sticky":false,"template":"","format":"standard","meta":{"footnotes":"","_share_on_mastodon":"0"},"categories":[14],"tags":[23,57,28,29,15355,32,33,35549,35754,22,493,30,31,35,39,38,36,37,34,40,20,26,27,24,25,276,54,55,56,21,58],"class_list":["post-191415","post","type-post","status-publish","format-standard","has-post-thumbnail","category-zinas-no-arvalstim","tag-aktualitates","tag-arvalstim","tag-breaking-news","tag-breakingnews","tag-diplomatiskas-attiecibas","tag-featured-news","tag-featurednews","tag-graudi","tag-haifa","tag-headlines","tag-izraela","tag-latest-news","tag-latestnews","tag-latvia","tag-latvian","tag-latviesu","tag-latviesu-valoda","tag-latviesuvaloda","tag-latvija","tag-lv","tag-news","tag-popularakas-zinas","tag-popularakaszinas","tag-top-stories","tag-topstories","tag-ukraina","tag-world","tag-world-news","tag-worldnews","tag-zinas","tag-zinas-no-arvalstim"],"share_on_mastodon":{"url":"https:\/\/pubeurope.com\/@lv\/116492257607572930","error":""},"_links":{"self":[{"href":"https:\/\/www.europesays.com\/lv\/wp-json\/wp\/v2\/posts\/191415","targetHints":{"allow":["GET"]}}],"collection":[{"href":"https:\/\/www.europesays.com\/lv\/wp-json\/wp\/v2\/posts"}],"about":[{"href":"https:\/\/www.europesays.com\/lv\/wp-json\/wp\/v2\/types\/post"}],"author":[{"embeddable":true,"href":"https:\/\/www.europesays.com\/lv\/wp-json\/wp\/v2\/users\/2"}],"replies":[{"embeddable":true,"href":"https:\/\/www.europesays.com\/lv\/wp-json\/wp\/v2\/comments?post=191415"}],"version-history":[{"count":0,"href":"https:\/\/www.europesays.com\/lv\/wp-json\/wp\/v2\/posts\/191415\/revisions"}],"wp:featuredmedia":[{"embeddable":true,"href":"https:\/\/www.europesays.com\/lv\/wp-json\/wp\/v2\/media\/191416"}],"wp:attachment":[{"href":"https:\/\/www.europesays.com\/lv\/wp-json\/wp\/v2\/media?parent=191415"}],"wp:term":[{"taxonomy":"category","embeddable":true,"href":"https:\/\/www.europesays.com\/lv\/wp-json\/wp\/v2\/categories?post=191415"},{"taxonomy":"post_tag","embeddable":true,"href":"https:\/\/www.europesays.com\/lv\/wp-json\/wp\/v2\/tags?post=191415"}],"curies":[{"name":"wp","href":"https:\/\/api.w.org\/{rel}","templated":true}]}}