{"id":19148,"date":"2025-10-12T12:20:11","date_gmt":"2025-10-12T12:20:11","guid":{"rendered":"https:\/\/www.europesays.com\/lv\/19148\/"},"modified":"2025-10-12T12:20:11","modified_gmt":"2025-10-12T12:20:11","slug":"diona-atklaj-jauno-albumu-makonos-dzils-ieksejas-pasaules-celojums-lente-lv","status":"publish","type":"post","link":"https:\/\/www.europesays.com\/lv\/19148\/","title":{"rendered":"Diona atkl\u0101j jauno albumu &#8220;M\u0101ko\u0146os&#8221;: dzi\u013c\u0161 iek\u0161\u0113j\u0101s pasaules ce\u013cojums\u00a0\u2014\u00a0Lente.lv"},"content":{"rendered":"<p>Dzied\u0101t\u0101ja un dziesmu autore Diona, \u012bstaj\u0101 v\u0101rd\u0101 Diona Liepi\u0146a, ir laidusi klaj\u0101 savu otro studijas albumu ar nosaukumu &#8220;M\u0101ko\u0146os&#8221;. Tas ir izn\u0101cis piektdien, 10. oktobr\u012b, un tiek raksturots k\u0101 l\u012bdz \u0161im emocion\u0101li atkl\u0101t\u0101kais un dzi\u013c\u0101kais darbs vi\u0146as karjer\u0101. Albums pied\u0101v\u0101 devi\u0146as kompoz\u012bcijas, kas klaus\u012bt\u0101jus ved cauri da\u017e\u0101d\u0101m emocion\u0101l\u0101m un filozofisk\u0101m pasaul\u0113m, aicinot iel\u016bkoties zemapzi\u0146as sl\u0101\u0146os un mekl\u0113t atbildes uz eksistenci\u0101liem jaut\u0101jumiem par dz\u012bvi un sevis atra\u0161anu.<\/p>\n<p>Albuma koncepcija un v\u0113st\u012bjums<\/p>\n<p>&#8220;M\u0101ko\u0146os&#8221; ir vair\u0101k nek\u0101 tikai m\u016bzikas albums; tas ir personisks st\u0101sts, kas atkl\u0101j Dionas iek\u0161\u0113jo pasauli un vi\u0146as skat\u012bjumu uz dz\u012bvi. K\u0101 pati m\u0101ksliniece atkl\u0101j, albumu var\u0113tu raksturot k\u0101 &#8220;sarunu pa\u0161ai ar sevi \u2013 par dz\u012bvi, par n\u0101vi un par laiku starp tiem&#8221;. Vi\u0146a uzsver, cik trausla ir robe\u017ea starp zemes realit\u0101ti un sap\u0146u pasauli, un cik svar\u012bgi ir nov\u0113rt\u0113t katru mirkli un dz\u012bvot tagadn\u0113, negaidot ide\u0101lus br\u012b\u017eus. Album\u0101 dzirdamas t\u0101das kompoz\u012bcijas k\u0101 &#8220;M\u0101ko\u0146os&#8221; (interl\u016bdija), &#8220;Domas negul\u0113s&#8221;, &#8220;Es aizeju&#8221;, &#8220;Man s\u0101p&#8221; un citas, kas kopum\u0101 veido vienotu st\u0101stu par cilv\u0113cisk\u0101s eksistences trauslumu, nepiecie\u0161am\u012bbu m\u012bl\u0113t, skriet un piepild\u012bt sap\u0146us, kam\u0113r v\u0113l ir laiks.<\/p>\n<p>Albuma izn\u0101k\u0161anu papildina ar\u012b divda\u013c\u012bgs videoklips, kas simboliski ataino ce\u013cu cauri ievainojam\u012bbai un dziedin\u0101\u0161anai, sabrukumam un atg\u016b\u0161anai. T\u0101 vizu\u0101lais st\u0101sts k\u013c\u016bst par metaforu iek\u0161\u0113jai c\u012b\u0146ai un sp\u0113ka atg\u016b\u0161anai. Videoklip\u0101 skan dziesmas &#8220;Man s\u0101p&#8221; un tituldziesma &#8220;M\u0101ko\u0146os&#8221;.<\/p>\n<p>Dionas rado\u0161ais ce\u013c\u0161 un att\u012bst\u012bba<\/p>\n<p>Diona Liepi\u0146a ir dzied\u0101t\u0101ja un dziesmu autore, kas jau ar savu debijas mini albumu &#8220;Marionete&#8221;, kas izn\u0101ca 2023. gad\u0101, apliecin\u0101ja savu sp\u0113ju rad\u012bt emocion\u0101li dzi\u013cus un patiesus darbus. Vi\u0146as jaun\u0101kais albums &#8220;M\u0101ko\u0146os&#8221; turpina \u0161o rado\u0161o izaugsmi un demonstr\u0113 Dionas talantu k\u0101 daudzpus\u012bgai m\u0101ksliniecei, kura nep\u0101rtraukti mekl\u0113 jaunus veidus, k\u0101 dal\u012bties ar savu iek\u0161\u0113jo pasauli. Iepriek\u0161\u0113jie singli, piem\u0113ram, &#8220;Es aizeju&#8221; un &#8220;Parad\u012bze&#8221;, ir guvu\u0161i popularit\u0101ti un apliecin\u0101ju\u0161i m\u0101kslinieces sp\u0113ju aizskart svar\u012bgas t\u0113mas un likt aizdom\u0101ties. Vi\u0146as muzik\u0101l\u0101 darb\u012bba ir bijusi akt\u012bva, un vi\u0146a ir piedal\u012bjusies ar\u012b da\u017e\u0101dos projektos, tostarp &#8220;X Faktors&#8221; un &#8220;Ghetto Faktors&#8221;.<\/p>\n<p>Interesants jaunums Dionas rado\u0161aj\u0101 dz\u012bv\u0113 ir vi\u0146as jaunizveidotais dz\u012bvais sast\u0101vs, kur\u0101 muzic\u0113 tikai sievietes. \u0160is solis simboliz\u0113 m\u016bzikas atdzim\u0161anu, kop\u012bbas saj\u016btu, br\u012bv\u012bbu un tic\u012bbu sievi\u0161\u0137ajam sp\u0113kam, k\u0101 to pati Diona raksturo: &#8220;Sieviete sav\u0101 paties\u012bb\u0101 ir neapturama, kad vi\u0146a tic sev un saviem sap\u0146iem.&#8221; \u0160\u012b pieeja pie\u0161\u0137ir jaunai gaism\u0101 vi\u0146as jau eso\u0161o m\u0101ksliniecisko izpausmi.<\/p>\n<p>Albuma uz\u0146em\u0161ana un pieejam\u012bba<\/p>\n<p>Lai gan prec\u012bzi m\u016bzikas kriti\u0137u v\u0113rt\u0113jumi par jauno albumu v\u0113l tikai s\u0101k par\u0101d\u012bties, s\u0101kotn\u0113j\u0101s atsauksmes liecina par pozit\u012bvu uz\u0146em\u0161anu. Klaus\u012bt\u0101ji slav\u0113 albuma dzi\u013cumu, Dionas vok\u0101l\u0101s sp\u0113jas un dziesmu tekstu emocion\u0101lo pies\u0101tin\u0101jumu. Daudzi izce\u013c albuma sp\u0113ju aizskart svar\u012bgas t\u0113mas un mudin\u0101t uz p\u0101rdom\u0101m par dz\u012bves v\u0113rt\u012bb\u0101m. Viens no klaus\u012bt\u0101ju koment\u0101riem v\u0113sta: &#8220;\u0160\u012b m\u016bzika liek sajusties dz\u012bvam un apzin\u0101ties sevi.&#8221;<\/p>\n<p>Albums &#8220;M\u0101ko\u0146os&#8221; ir pieejams vis\u0101s popul\u0101r\u0101kaj\u0101s straum\u0113\u0161anas platform\u0101s, tostarp Spotify un Apple Music, nodro\u0161inot vieglu piek\u013cuvi jaunajam muzik\u0101lajam pied\u0101v\u0101jumam vis\u0101 pasaul\u0113.<\/p>\n<p>Diona un Latvijas m\u016bzikas aina<\/p>\n<p>Diona ir viena no spilg\u0101kaj\u0101m jaun\u0101s paaudzes m\u016bzi\u0137\u0113m Latvij\u0101, kura ar savu ori\u0123inalit\u0101ti un dzi\u013cajiem v\u0113st\u012bjumiem ienes jaunas v\u0113smas Latvijas m\u016bzikas ain\u0101. Latvijas m\u016bzikas industrija p\u0113d\u0113jos gados piedz\u012bvo att\u012bst\u012bbu, un arvien vair\u0101k latvie\u0161u m\u016bzi\u0137u g\u016bst atzin\u012bbu gan viet\u0113j\u0101, gan starptautisk\u0101 m\u0113rog\u0101. Pas\u0101kumi k\u0101 &#8220;Supernova&#8221; un &#8220;Baltic Focus&#8221; programm\u0101 &#8220;Ireland Music Week&#8221; veicina Latvijas m\u016bzi\u0137u atpaz\u012bstam\u012bbu un starptautiskos kontaktus. \u0160\u012b laikmeta m\u016bzikas tendences bie\u017ei vien ir saist\u012btas ar dzi\u013c\u0101m personisk\u0101m p\u0101rdom\u0101m un eksperimentiem ar ska\u0146u, kas piln\u012bb\u0101 atbilst Dionas jaun\u0101kajam albumam.<\/p>\n<p>Albums &#8220;M\u0101ko\u0146os&#8221; ir ne tikai noz\u012bm\u012bgs solis Dionas Liepi\u0146as karjer\u0101, bet ar\u012b apliecin\u0101jums Latvijas m\u016bzikas daudzveid\u012bbai un sp\u0113jai rad\u012bt darbus, kas rezon\u0113 ar glob\u0101l\u0101m t\u0113m\u0101m un individu\u0101laj\u0101m emocij\u0101m. T\u0101 ir m\u016bzika, kas aicina uz dzi\u013c\u0101m p\u0101rdom\u0101m un atst\u0101j palieko\u0161u iespaidu uz klaus\u012bt\u0101ju.<\/p>\n","protected":false},"excerpt":{"rendered":"Dzied\u0101t\u0101ja un dziesmu autore Diona, \u012bstaj\u0101 v\u0101rd\u0101 Diona Liepi\u0146a, ir laidusi klaj\u0101 savu otro studijas albumu ar nosaukumu&hellip;\n","protected":false},"author":2,"featured_media":19149,"comment_status":"","ping_status":"","sticky":false,"template":"","format":"standard","meta":{"footnotes":""},"categories":[19],"tags":[6267,6269,89,90,309,35,39,38,194,36,37,34,40,6268],"class_list":{"0":"post-19148","1":"post","2":"type-post","3":"status-publish","4":"format-standard","5":"has-post-thumbnail","7":"category-izklaide","8":"tag-diona","9":"tag-diona-liepina","10":"tag-entertainment","11":"tag-izklaide","12":"tag-jauns-albums","13":"tag-latvia","14":"tag-latvian","15":"tag-latviesu","16":"tag-latviesu-muzika","17":"tag-latviesu-valoda","18":"tag-latviesuvaloda","19":"tag-latvija","20":"tag-lv","21":"tag-makonos"},"share_on_mastodon":{"url":"","error":""},"_links":{"self":[{"href":"https:\/\/www.europesays.com\/lv\/wp-json\/wp\/v2\/posts\/19148","targetHints":{"allow":["GET"]}}],"collection":[{"href":"https:\/\/www.europesays.com\/lv\/wp-json\/wp\/v2\/posts"}],"about":[{"href":"https:\/\/www.europesays.com\/lv\/wp-json\/wp\/v2\/types\/post"}],"author":[{"embeddable":true,"href":"https:\/\/www.europesays.com\/lv\/wp-json\/wp\/v2\/users\/2"}],"replies":[{"embeddable":true,"href":"https:\/\/www.europesays.com\/lv\/wp-json\/wp\/v2\/comments?post=19148"}],"version-history":[{"count":0,"href":"https:\/\/www.europesays.com\/lv\/wp-json\/wp\/v2\/posts\/19148\/revisions"}],"wp:featuredmedia":[{"embeddable":true,"href":"https:\/\/www.europesays.com\/lv\/wp-json\/wp\/v2\/media\/19149"}],"wp:attachment":[{"href":"https:\/\/www.europesays.com\/lv\/wp-json\/wp\/v2\/media?parent=19148"}],"wp:term":[{"taxonomy":"category","embeddable":true,"href":"https:\/\/www.europesays.com\/lv\/wp-json\/wp\/v2\/categories?post=19148"},{"taxonomy":"post_tag","embeddable":true,"href":"https:\/\/www.europesays.com\/lv\/wp-json\/wp\/v2\/tags?post=19148"}],"curies":[{"name":"wp","href":"https:\/\/api.w.org\/{rel}","templated":true}]}}