{"id":19173,"date":"2025-10-12T12:59:08","date_gmt":"2025-10-12T12:59:08","guid":{"rendered":"https:\/\/www.europesays.com\/lv\/19173\/"},"modified":"2025-10-12T12:59:08","modified_gmt":"2025-10-12T12:59:08","slug":"orbans-vac-parakstus-pret-briseles-kara-planu","status":"publish","type":"post","link":"https:\/\/www.europesays.com\/lv\/19173\/","title":{"rendered":"Orb\u0101ns v\u0101c parakstus pret &#8220;Briseles kara pl\u0101nu&#8221;"},"content":{"rendered":"<p>Sav\u0101 &#8220;Facebook&#8221; lap\u0101 Orb\u0101ns apgalvo, ka &#8220;st\u0101vam uz karsta rudens sliek\u0161\u0146a,&#8221; jo Eiropa arvien strauj\u0101k tuvojas karam.<\/p>\n<p>&#8220;Pirms da\u017e\u0101m ned\u0113\u013c\u0101m Kopenh\u0101gen\u0101 iepaz\u012bstin\u0101ja ar Briseles kara pl\u0101nu. Eiropa maks\u0101, ukrai\u0146i karo, bet Krievija, galu gal\u0101, nov\u0101jin\u0101s,&#8221; raksta Ung\u0101rijas premjers. &#8220;Cik tas maks\u0101s un cik ilgi turpin\u0101sies, mums nepav\u0113st\u012bja.&#8221;<\/p>\n<p>Vi\u0146\u0161 piebildis, ka v\u0113l D\u0101nij\u0101 pazi\u0146ojis &#8211; Budape\u0161ta to nev\u0113las.<\/p>\n<p>Kop\u0161 t\u0101 br\u012b\u017ea pret Ung\u0101riju esot izv\u0113rsta kampa\u0146a, kur\u0101 tiek izmantots &#8220;pla\u0161s arsen\u0101ls&#8221;- aps\u016bdz\u012bbas spiego\u0161an\u0101, skand\u0101li ar viltus zi\u0146\u0101m un juridiskas manipul\u0101cijas, apgalvo Orb\u0101ns.<\/p>\n<p>&#8220;M\u0113s nevaram st\u0101v\u0113t ar nolaist\u0101m rok\u0101m. Nepiecie\u0161ams no jauna par\u0101d\u012bt, ka ung\u0101ru tauta negrib karu. T\u0101p\u0113c \u0161odien s\u0101kam parakstu v\u0101k\u0161anu pret Briseles kara pl\u0101niem. M\u0113s b\u016bsim katr\u0101 pils\u0113t\u0101, katr\u0101 ciem\u0101, t\u0101p\u0113c, ka \u0161obr\u012bd mums vajadz\u012bgs katrs mierm\u012bl\u012bgais ung\u0101rs,&#8221; pazi\u0146ojis premjers.<\/p>\n","protected":false},"excerpt":{"rendered":"Sav\u0101 &#8220;Facebook&#8221; lap\u0101 Orb\u0101ns apgalvo, ka &#8220;st\u0101vam uz karsta rudens sliek\u0161\u0146a,&#8221; jo Eiropa arvien strauj\u0101k tuvojas karam. &#8220;Pirms&hellip;\n","protected":false},"author":2,"featured_media":19174,"comment_status":"","ping_status":"","sticky":false,"template":"","format":"standard","meta":{"footnotes":""},"categories":[14],"tags":[23,57,28,29,514,32,33,22,74,30,31,35,39,38,36,37,34,40,20,26,27,24,25,2497,2508,54,55,56,21,58],"class_list":{"0":"post-19173","1":"post","2":"type-post","3":"status-publish","4":"format-standard","5":"has-post-thumbnail","7":"category-zinas-no-arvalstim","8":"tag-aktualitates","9":"tag-arvalstim","10":"tag-breaking-news","11":"tag-breakingnews","12":"tag-eiropas-savieniba","13":"tag-featured-news","14":"tag-featurednews","15":"tag-headlines","16":"tag-krievijas-iebrukums-ukraina","17":"tag-latest-news","18":"tag-latestnews","19":"tag-latvia","20":"tag-latvian","21":"tag-latviesu","22":"tag-latviesu-valoda","23":"tag-latviesuvaloda","24":"tag-latvija","25":"tag-lv","26":"tag-news","27":"tag-popularakas-zinas","28":"tag-popularakaszinas","29":"tag-top-stories","30":"tag-topstories","31":"tag-ungarija","32":"tag-viktors-orbans","33":"tag-world","34":"tag-world-news","35":"tag-worldnews","36":"tag-zinas","37":"tag-zinas-no-arvalstim"},"share_on_mastodon":{"url":"","error":""},"_links":{"self":[{"href":"https:\/\/www.europesays.com\/lv\/wp-json\/wp\/v2\/posts\/19173","targetHints":{"allow":["GET"]}}],"collection":[{"href":"https:\/\/www.europesays.com\/lv\/wp-json\/wp\/v2\/posts"}],"about":[{"href":"https:\/\/www.europesays.com\/lv\/wp-json\/wp\/v2\/types\/post"}],"author":[{"embeddable":true,"href":"https:\/\/www.europesays.com\/lv\/wp-json\/wp\/v2\/users\/2"}],"replies":[{"embeddable":true,"href":"https:\/\/www.europesays.com\/lv\/wp-json\/wp\/v2\/comments?post=19173"}],"version-history":[{"count":0,"href":"https:\/\/www.europesays.com\/lv\/wp-json\/wp\/v2\/posts\/19173\/revisions"}],"wp:featuredmedia":[{"embeddable":true,"href":"https:\/\/www.europesays.com\/lv\/wp-json\/wp\/v2\/media\/19174"}],"wp:attachment":[{"href":"https:\/\/www.europesays.com\/lv\/wp-json\/wp\/v2\/media?parent=19173"}],"wp:term":[{"taxonomy":"category","embeddable":true,"href":"https:\/\/www.europesays.com\/lv\/wp-json\/wp\/v2\/categories?post=19173"},{"taxonomy":"post_tag","embeddable":true,"href":"https:\/\/www.europesays.com\/lv\/wp-json\/wp\/v2\/tags?post=19173"}],"curies":[{"name":"wp","href":"https:\/\/api.w.org\/{rel}","templated":true}]}}