{"id":191967,"date":"2026-04-30T16:50:07","date_gmt":"2026-04-30T16:50:07","guid":{"rendered":"https:\/\/www.europesays.com\/lv\/191967\/"},"modified":"2026-04-30T16:50:07","modified_gmt":"2026-04-30T16:50:07","slug":"tiek-mekleta-persona-saistiba-ar-noziegumu-lente-lv","status":"publish","type":"post","link":"https:\/\/www.europesays.com\/lv\/191967\/","title":{"rendered":"tiek mekl\u0113ta persona saist\u012bb\u0101 ar noziegumu\u00a0\u2014\u00a0Lente.lv"},"content":{"rendered":"<p>Policija mekl\u0113 aculieciniekus un inform\u0101ciju<\/p>\n<p>Valsts policija aicina iedz\u012bvot\u0101jus pal\u012bdz\u0113t nozieguma izmekl\u0113\u0161an\u0101, atpaz\u012bstot att\u0113l\u0101 un video redzamo personu. Policija mekl\u0113 \u0161o personu saist\u012bb\u0101 ar izdar\u012btu noziegumu un l\u016bdz ikvienu, kam ir jebk\u0101da inform\u0101cija, nekav\u0113joties zi\u0146ot likumsargiem. K\u0101 inform\u0113 port\u0101ls jauns.lv, jebkura ieg\u016bt\u0101 inform\u0101cija var b\u016bt iz\u0161\u0137iro\u0161a izmekl\u0113\u0161anas virz\u012bbai.<\/p>\n<p>Nezin\u0101m\u0101 persona un noziedz\u012bgais nodar\u012bjums<\/p>\n<p>Lai gan prec\u012bzi noziedz\u012bg\u0101 nodar\u012bjuma apst\u0101k\u013ci un t\u0101 raksturs netiek atkl\u0101ts, Valsts policija uzsver, ka mekl\u0113t\u0101 persona ir b\u016btiska izmekl\u0113\u0161anai. Policija ir publiskojusi att\u0113lus un video materi\u0101lus, lai veicin\u0101tu personas identific\u0113\u0161anu. \u0160\u0101ds sabiedr\u012bbas iesaistes piepras\u012bjums parasti tiek izmantots, kad tradicion\u0101l\u0101s izmekl\u0113\u0161anas metodes nav devu\u0161as pietiekamus rezult\u0101tus, vai lai pa\u0101trin\u0101tu procesu.<\/p>\n<p>K\u0101 pal\u012bdz\u0113t policijai?<\/p>\n<p>Ikviens, kur\u0161 atpaz\u012bst att\u0113l\u0101 vai video redzamo personu, vai kuram ir jebk\u0101da cita inform\u0101cija, kas var\u0113tu pal\u012bdz\u0113t izmekl\u0113\u0161an\u0101, tiek aicin\u0101ts nekav\u0113joties sazin\u0101ties ar Valsts policiju, zvanot pa t\u0101lruni 110. Policija uzsver, ka zi\u0146ot var ar\u012b anon\u012bmi, ja persona nev\u0113las atkl\u0101t savu identit\u0101ti. Visi ieg\u016btie dati tiks r\u016bp\u012bgi izv\u0113rt\u0113ti.<\/p>\n<p>Svar\u012bgums un izmekl\u0113\u0161anas process<\/p>\n<p>Valsts policijas R\u012bgas re\u0123iona p\u0101rvaldes amatpersonas str\u0101d\u0101 pie \u0161\u012b jaut\u0101juma izmekl\u0113\u0161anas. Tiekoties kl\u0101t ar attiec\u012bg\u0101s personas identit\u0101ti, policija cer noskaidrot visus nozieguma apst\u0101k\u013cus un saukt vain\u012bgos pie atbild\u012bbas. Sabiedr\u012bbas iesaiste \u0161\u0101dos gad\u012bjumos ir \u013coti noz\u012bm\u012bga, jo cilv\u0113ki bie\u017ei vien pamana deta\u013cas vai apst\u0101k\u013cus, ko likumsargi nav paman\u012bju\u0161i.<\/p>\n","protected":false},"excerpt":{"rendered":"Policija mekl\u0113 aculieciniekus un inform\u0101ciju Valsts policija aicina iedz\u012bvot\u0101jus pal\u012bdz\u0113t nozieguma izmekl\u0113\u0161an\u0101, atpaz\u012bstot att\u0113l\u0101 un video redzamo personu.&hellip;\n","protected":false},"author":2,"featured_media":191968,"comment_status":"","ping_status":"","sticky":false,"template":"","format":"standard","meta":{"footnotes":"","_share_on_mastodon":"0"},"categories":[12],"tags":[35794,23,28,29,32,33,22,30,31,35,39,38,36,37,34,40,9604,20,295,26,27,24,25,138,1994,21],"class_list":["post-191967","post","type-post","status-publish","format-standard","has-post-thumbnail","category-latvija","tag-acoliecinieki","tag-aktualitates","tag-breaking-news","tag-breakingnews","tag-featured-news","tag-featurednews","tag-headlines","tag-latest-news","tag-latestnews","tag-latvia","tag-latvian","tag-latviesu","tag-latviesu-valoda","tag-latviesuvaloda","tag-latvija","tag-lv","tag-mekle-personu","tag-news","tag-noziegums","tag-popularakas-zinas","tag-popularakaszinas","tag-top-stories","tag-topstories","tag-valsts-policija","tag-video","tag-zinas"],"share_on_mastodon":{"url":"https:\/\/pubeurope.com\/@lv\/116494691406841961","error":""},"_links":{"self":[{"href":"https:\/\/www.europesays.com\/lv\/wp-json\/wp\/v2\/posts\/191967","targetHints":{"allow":["GET"]}}],"collection":[{"href":"https:\/\/www.europesays.com\/lv\/wp-json\/wp\/v2\/posts"}],"about":[{"href":"https:\/\/www.europesays.com\/lv\/wp-json\/wp\/v2\/types\/post"}],"author":[{"embeddable":true,"href":"https:\/\/www.europesays.com\/lv\/wp-json\/wp\/v2\/users\/2"}],"replies":[{"embeddable":true,"href":"https:\/\/www.europesays.com\/lv\/wp-json\/wp\/v2\/comments?post=191967"}],"version-history":[{"count":0,"href":"https:\/\/www.europesays.com\/lv\/wp-json\/wp\/v2\/posts\/191967\/revisions"}],"wp:featuredmedia":[{"embeddable":true,"href":"https:\/\/www.europesays.com\/lv\/wp-json\/wp\/v2\/media\/191968"}],"wp:attachment":[{"href":"https:\/\/www.europesays.com\/lv\/wp-json\/wp\/v2\/media?parent=191967"}],"wp:term":[{"taxonomy":"category","embeddable":true,"href":"https:\/\/www.europesays.com\/lv\/wp-json\/wp\/v2\/categories?post=191967"},{"taxonomy":"post_tag","embeddable":true,"href":"https:\/\/www.europesays.com\/lv\/wp-json\/wp\/v2\/tags?post=191967"}],"curies":[{"name":"wp","href":"https:\/\/api.w.org\/{rel}","templated":true}]}}