{"id":19223,"date":"2025-10-12T13:43:10","date_gmt":"2025-10-12T13:43:10","guid":{"rendered":"https:\/\/www.europesays.com\/lv\/19223\/"},"modified":"2025-10-12T13:43:10","modified_gmt":"2025-10-12T13:43:10","slug":"video-%e2%9f%a9-svetdien-lidz-pusdienlaikam-sanemti-55-izsaukumi-par-veja-raditiem-postijumiem","status":"publish","type":"post","link":"https:\/\/www.europesays.com\/lv\/19223\/","title":{"rendered":"VIDEO \u27e9 Sv\u0113tdien l\u012bdz pusdienlaikam sa\u0146emti 55 izsaukumi par v\u0113ja rad\u012btiem post\u012bjumiem"},"content":{"rendered":"<p>P\u0101rsvar\u0101 visos gad\u012bjumos nepiecie\u0161ams saz\u0101\u0123\u0113t nol\u016bzu\u0161us kokus. Liel\u0101koties koki l\u016bzu\u0161i uz ce\u013ca braucamaj\u0101m da\u013c\u0101m, blo\u0137\u0113jot satiksmi, daudzos gad\u012bjumos koki rad\u012bja apdraud\u0113jumu, jo bija b\u012bstami aizl\u016bzu\u0161i un draud\u0113ja nokrist uz dz\u012bvojam\u0101s m\u0101jas vai ce\u013ca braucam\u0101s da\u013cas. Divos gad\u012bjumos nol\u016bzu\u0161ie koki bija uzkritu\u0161i uz dz\u012bvojam\u0101m m\u0101j\u0101m. Ir biju\u0161i izsaukumi, kad koki kr\u012btot bija aiz\u0137\u0113ru\u0161i elektr\u012bbas vadus.<\/p>\n<p>Liel\u0101k\u0101 da\u013ca izsaukumu re\u0123istr\u0113ta R\u012bg\u0101, J\u016brmal\u0101, k\u0101 ar\u012b Ropa\u017eu, M\u0101rupes un Ogres novados.<\/p>\n<p>\u0160obr\u012bd dispe\u010deri turpina pie\u0146emt zvanus par v\u0113ja rad\u012btiem post\u012bjumiem, k\u0101 ar\u012b akt\u012bvi notiek v\u0113ja post\u012bjumu likvid\u0113\u0161anas darbi.<\/p>\n<p><a href=\"https:\/\/www.apollo.lv\/term\/1294\/video\" class=\"topicLink\" target=\"_blank\" rel=\"nofollow noopener\">Video<\/a>: Salaspil\u012b pie Rimi sp\u0113c\u012bgais <a href=\"https:\/\/www.apollo.lv\/term\/564296\/vejs\" class=\"topicLink\" target=\"_blank\" rel=\"nofollow noopener\">v\u0113j\u0161<\/a> nodar\u012bjis post\u012bjumus<\/p>\n<p>K\u0101 liecina sinopti\u0137u prognozes, sv\u0113tdien debesis skaidrosies vien br\u012b\u017eiem, gaid\u0101ms ar\u012b lietus, viet\u0101m zieme\u013caustrumu rajonos l\u012bs stipri, tur iesp\u0113jams ar\u012b p\u0113rkona negaiss.<\/p>\n<p>P\u016bt\u012bs m\u0113rens zieme\u013crietumu, zieme\u013cu v\u0113j\u0161, br\u0101zm\u0101s pastiprinoties l\u012bdz 15 l\u012bdz 19 metriem sekund\u0113 (m\/s), bet piekrastes rajonos v\u0113j\u0161 b\u016bs v\u0113l stipr\u0101ks, br\u0101zm\u0101s sasniedzot 20 l\u012bdz 22 m\/s.<\/p>\n<p>R\u012bg\u0101 debesis liel\u0101koties kl\u0101s m\u0101ko\u0146i, br\u012b\u017eiem l\u012bs. P\u016bt\u012bs m\u0113rens l\u012bdz m\u0113reni stiprs zieme\u013crietumu, zieme\u013cu v\u0113j\u0161, br\u0101zm\u0101s 15 l\u012bdz 19 m\/s, priek\u0161pusdien\u0101 pat l\u012bdz 20 l\u012bdz 22 m\/s.<\/p>\n","protected":false},"excerpt":{"rendered":"P\u0101rsvar\u0101 visos gad\u012bjumos nepiecie\u0161ams saz\u0101\u0123\u0113t nol\u016bzu\u0161us kokus. Liel\u0101koties koki l\u016bzu\u0161i uz ce\u013ca braucamaj\u0101m da\u013c\u0101m, blo\u0137\u0113jot satiksmi, daudzos gad\u012bjumos&hellip;\n","protected":false},"author":2,"featured_media":19071,"comment_status":"","ping_status":"","sticky":false,"template":"","format":"standard","meta":{"footnotes":""},"categories":[5],"tags":[23,28,29,32,33,22,30,31,35,39,38,36,37,34,40,20,26,27,6295,24,25,153,1994,4908,21],"class_list":{"0":"post-19223","1":"post","2":"type-post","3":"status-publish","4":"format-standard","5":"has-post-thumbnail","7":"category-aktualitates","8":"tag-aktualitates","9":"tag-breaking-news","10":"tag-breakingnews","11":"tag-featured-news","12":"tag-featurednews","13":"tag-headlines","14":"tag-latest-news","15":"tag-latestnews","16":"tag-latvia","17":"tag-latvian","18":"tag-latviesu","19":"tag-latviesu-valoda","20":"tag-latviesuvaloda","21":"tag-latvija","22":"tag-lv","23":"tag-news","24":"tag-popularakas-zinas","25":"tag-popularakaszinas","26":"tag-postijumi","27":"tag-top-stories","28":"tag-topstories","29":"tag-vejs","30":"tag-video","31":"tag-vugd","32":"tag-zinas"},"share_on_mastodon":{"url":"","error":""},"_links":{"self":[{"href":"https:\/\/www.europesays.com\/lv\/wp-json\/wp\/v2\/posts\/19223","targetHints":{"allow":["GET"]}}],"collection":[{"href":"https:\/\/www.europesays.com\/lv\/wp-json\/wp\/v2\/posts"}],"about":[{"href":"https:\/\/www.europesays.com\/lv\/wp-json\/wp\/v2\/types\/post"}],"author":[{"embeddable":true,"href":"https:\/\/www.europesays.com\/lv\/wp-json\/wp\/v2\/users\/2"}],"replies":[{"embeddable":true,"href":"https:\/\/www.europesays.com\/lv\/wp-json\/wp\/v2\/comments?post=19223"}],"version-history":[{"count":0,"href":"https:\/\/www.europesays.com\/lv\/wp-json\/wp\/v2\/posts\/19223\/revisions"}],"wp:featuredmedia":[{"embeddable":true,"href":"https:\/\/www.europesays.com\/lv\/wp-json\/wp\/v2\/media\/19071"}],"wp:attachment":[{"href":"https:\/\/www.europesays.com\/lv\/wp-json\/wp\/v2\/media?parent=19223"}],"wp:term":[{"taxonomy":"category","embeddable":true,"href":"https:\/\/www.europesays.com\/lv\/wp-json\/wp\/v2\/categories?post=19223"},{"taxonomy":"post_tag","embeddable":true,"href":"https:\/\/www.europesays.com\/lv\/wp-json\/wp\/v2\/tags?post=19223"}],"curies":[{"name":"wp","href":"https:\/\/api.w.org\/{rel}","templated":true}]}}