{"id":19238,"date":"2025-10-12T14:24:07","date_gmt":"2025-10-12T14:24:07","guid":{"rendered":"https:\/\/www.europesays.com\/lv\/19238\/"},"modified":"2025-10-12T14:24:07","modified_gmt":"2025-10-12T14:24:07","slug":"sinoptiku-laika-prognoze-tuvakajam-dienam-apollo-lv","status":"publish","type":"post","link":"https:\/\/www.europesays.com\/lv\/19238\/","title":{"rendered":"Sinopti\u0137u laika prognoze tuv\u0101kaj\u0101m dien\u0101m &#8211; Apollo.lv"},"content":{"rendered":"<ol>\n<li><a href=\"https:\/\/news.google.com\/rss\/articles\/CBMie0FVX3lxTE10Yk1qQ2ZsTzhoSl9xSFNVVmJUX1hHWEstMjItVGNiZUIzSV9xOWpHYkdKajUyZm1lNU9WQmlZX1ZLdmc0eHVGUGhrMm5SbXM2UWN3dmxucjY2NkZ5WjF5ckE1OUctQ1QxdE5WelVCZDBwZlZYTmhYaUwzUQ?oc=5\" target=\"_blank\" rel=\"nofollow noopener\">Sinopti\u0137u laika prognoze tuv\u0101kaj\u0101m dien\u0101m<\/a>&nbsp;&nbsp;Apollo.lv<\/li>\n<li><a href=\"https:\/\/news.google.com\/rss\/articles\/CBMitwFBVV95cUxQcHRGdU9oQVFMenZvV3B0RU05dTlxck85ajFDSUl3S0pvdEc2NHUwd01qVUE4UkhZSmhLemRIOEZUdnE2QkJOcnFCMDdSME1yR2xoNjFncENUaF94TGJkTHJ3SnlOTVN5WFhMb3ZidVR3alB6ZlAxaEJ5Q19IV2x6RWhVX25XeGdkeWg2bDNXdW5VdHhjaU4ySmV5S3pueFN4anMzWUdUTVhVa21SYWZSVVFDOHlxTXM?oc=5\" target=\"_blank\" rel=\"nofollow noopener\">Jaun\u0101k\u0101 prognoze \u2013 Latvij\u0101 turpin\u0101sies ruden\u012bgi laikapst\u0101k\u013ci<\/a>&nbsp;&nbsp;Delfi<\/li>\n<li><a href=\"https:\/\/news.google.com\/rss\/articles\/CBMi3AFBVV95cUxQX2o5dWw2NFNiOXZrUmpqb2UzWDkwa3JxeWxSRWlNcWs4WTgtZ1FZTVNLVUJEaHFrb1NGQmlEU2Z5RHd2TFR1ZlNwcDd2cmdJaEtuVFBDeTNXWVJGWG9BRF9MX1FET3ZUdjgydnBjVnZJakhuS0YtSmhVSFplSlBISUR2alhHeWNtTEZOOVQ2cnNVd2FnbTJ5TFdsVXRQaDZHMEc4X002NWU1bzVydE5ZRmNKTDFYeGZkaTZ5bnR1RTZJd1NBdFdTOFBEQ3FZQ0JEZ1I5YmpnQXkyVGlC?oc=5\" target=\"_blank\" rel=\"nofollow noopener\">Sestdien viet\u0101m b\u016bs ap 16 gr\u0101diem silts; sv\u0113tdien k\u013c\u016bs v\u0113s\u0101ks un lietain\u0101ks \/ Raksts<\/a>&nbsp;&nbsp;LSM<\/li>\n<li><a href=\"https:\/\/news.google.com\/rss\/articles\/CBMigwFBVV95cUxOYmVOZk9kWkNBX1NtT2daQk1aLXk2NVdpRmJWRjNjOUgxbWRldW9ldEpPRnhaSy1IWmdSUGpWb1JqUUw5amE3aUoyV014SjhNYThnVWZkb0cwZXVzajJpM1kyQjVwQ2hBSHN2SW5hSG9RT2xGd1kzTVU0OFdrcUFFTGgxOA?oc=5\" target=\"_blank\" rel=\"nofollow noopener\">Jaun\u0101 darba ned\u0113\u013ca s\u0101ksies ar lietainu laiku<\/a>&nbsp;&nbsp;TVNET &#8211; Laika zi\u0146as<\/li>\n<li><a href=\"https:\/\/news.google.com\/rss\/articles\/CBMilAFBVV95cUxPWVRERWppZDNnVkc1Y0ZFMDR6ZHdpNG5JQTM3V3Y3bjhDOUxjTy1ES3g5ZXI0dUs2Q0RCcl8yMHJLVlhIYjNBZUMwa0RxODFsTkZ1eV9TejhQd2JWVjkzQVZjeldWM1NCb05TODZRMlFDMDdna1RDOUNlcFlEZjNLQ3lVU2lOak5qYnJFOS0tUEVxYVRK?oc=5\" target=\"_blank\" rel=\"nofollow noopener\">Lietus, br\u0101zmas un krusa pluina Latviju; sp\u0113k\u0101 dzeltenais br\u012bdin\u0101jums<\/a>&nbsp;&nbsp;tv3.lv<\/li>\n<\/ol>\n","protected":false},"excerpt":{"rendered":"Sinopti\u0137u laika prognoze tuv\u0101kaj\u0101m dien\u0101m&nbsp;&nbsp;Apollo.lv Jaun\u0101k\u0101 prognoze \u2013 Latvij\u0101 turpin\u0101sies ruden\u012bgi laikapst\u0101k\u013ci&nbsp;&nbsp;Delfi Sestdien viet\u0101m b\u016bs ap 16 gr\u0101diem&hellip;\n","protected":false},"author":2,"featured_media":19239,"comment_status":"","ping_status":"","sticky":false,"template":"","format":"standard","meta":{"footnotes":""},"categories":[12],"tags":[23,28,29,32,33,22,396,397,30,31,35,39,38,36,37,34,40,20,26,27,3377,24,25,21],"class_list":{"0":"post-19238","1":"post","2":"type-post","3":"status-publish","4":"format-standard","5":"has-post-thumbnail","7":"category-latvija","8":"tag-aktualitates","9":"tag-breaking-news","10":"tag-breakingnews","11":"tag-featured-news","12":"tag-featurednews","13":"tag-headlines","14":"tag-laika-zinas","15":"tag-laikapstakli","16":"tag-latest-news","17":"tag-latestnews","18":"tag-latvia","19":"tag-latvian","20":"tag-latviesu","21":"tag-latviesu-valoda","22":"tag-latviesuvaloda","23":"tag-latvija","24":"tag-lv","25":"tag-news","26":"tag-popularakas-zinas","27":"tag-popularakaszinas","28":"tag-sinoptiki","29":"tag-top-stories","30":"tag-topstories","31":"tag-zinas"},"share_on_mastodon":{"url":"","error":""},"_links":{"self":[{"href":"https:\/\/www.europesays.com\/lv\/wp-json\/wp\/v2\/posts\/19238","targetHints":{"allow":["GET"]}}],"collection":[{"href":"https:\/\/www.europesays.com\/lv\/wp-json\/wp\/v2\/posts"}],"about":[{"href":"https:\/\/www.europesays.com\/lv\/wp-json\/wp\/v2\/types\/post"}],"author":[{"embeddable":true,"href":"https:\/\/www.europesays.com\/lv\/wp-json\/wp\/v2\/users\/2"}],"replies":[{"embeddable":true,"href":"https:\/\/www.europesays.com\/lv\/wp-json\/wp\/v2\/comments?post=19238"}],"version-history":[{"count":0,"href":"https:\/\/www.europesays.com\/lv\/wp-json\/wp\/v2\/posts\/19238\/revisions"}],"wp:featuredmedia":[{"embeddable":true,"href":"https:\/\/www.europesays.com\/lv\/wp-json\/wp\/v2\/media\/19239"}],"wp:attachment":[{"href":"https:\/\/www.europesays.com\/lv\/wp-json\/wp\/v2\/media?parent=19238"}],"wp:term":[{"taxonomy":"category","embeddable":true,"href":"https:\/\/www.europesays.com\/lv\/wp-json\/wp\/v2\/categories?post=19238"},{"taxonomy":"post_tag","embeddable":true,"href":"https:\/\/www.europesays.com\/lv\/wp-json\/wp\/v2\/tags?post=19238"}],"curies":[{"name":"wp","href":"https:\/\/api.w.org\/{rel}","templated":true}]}}