{"id":19244,"date":"2025-10-12T14:45:19","date_gmt":"2025-10-12T14:45:19","guid":{"rendered":"https:\/\/www.europesays.com\/lv\/19244\/"},"modified":"2025-10-12T14:45:19","modified_gmt":"2025-10-12T14:45:19","slug":"ttt-riga-ar-papildinatu-sastavu-uzsak-fiba-eirokausa-celu-pret-favoritem-lente-lv","status":"publish","type":"post","link":"https:\/\/www.europesays.com\/lv\/19244\/","title":{"rendered":"TTT R\u012bga ar papildin\u0101tu sast\u0101vu uzs\u0101k FIBA Eirokausa ce\u013cu pret favor\u012bt\u0113m\u00a0\u2014\u00a0Lente.lv"},"content":{"rendered":"<p>TTT R\u012bga: Amb\u012bcijas un izaicin\u0101jumi FIBA Eirokaus\u0101<\/p>\n<p>Latvijas \u010dempionvien\u012bba &#8220;TTT R\u012bga&#8221; uzs\u0101k savu ce\u013cu Starptautisk\u0101s Basketbola feder\u0101cijas (FIBA) Eirokaus\u0101, cerot uz veiksm\u012bgu startu un v\u0113lmi apliecin\u0101t savu sp\u0113ku Eiropas klubu basketbola aprit\u0113. Neskatoties uz to, ka komanda netiek uzskat\u012bta par savas apak\u0161grupas favor\u012bt\u0113m, sast\u0101v\u0101 veiktie papildin\u0101jumi un pieredz\u0113ju\u0161o sp\u0113l\u0113t\u0101ju kl\u0101tb\u016btne rada optimismu.<\/p>\n<p>Jauni talanti un pieredz\u0113ju\u0161i l\u012bderi<\/p>\n<p>\u0160osezon &#8220;TTT R\u012bga&#8221; sast\u0101vu ir papildin\u0101ju\u0161as divas \u0101rzemju basketbolistes \u2013 kan\u0101diete Naja Bekere un d\u0101niete L\u0113na Svanholma. Treneris Aigars Nerips nor\u0101da, ka vi\u0146as aizpild\u012bju\u0161as nepiecie\u0161am\u0101s poz\u012bcijas, kur viet\u0113jo sp\u0113l\u0113t\u0101ju vid\u016b bijis ierobe\u017eots pied\u0101v\u0101jums. L\u012bdz\u0101s jaunajiem talantiem komand\u0101 joproj\u0101m sp\u0113l\u0113 pieredz\u0113ju\u0161\u0101s Ieva Pulvere un Karl\u012bna P\u012bl\u0101bere, k\u0101 ar\u012b jaun\u0101 l\u012bdere Vanesa Jasa, kura \u012bpa\u0161i uzsver savas aizsardz\u012bbas noz\u012bmi komandas pan\u0101kumos.<\/p>\n<p>Sagaidot sp\u0113c\u012bgus pretiniekus<\/p>\n<p>FIBA Eirokauss ir otrs presti\u017e\u0101kais sievie\u0161u basketbola klubu turn\u012brs Eirop\u0101. &#8220;TTT R\u012bga&#8221; sav\u0101 apak\u0161grup\u0101 tiksies ar Serbijas klubu &#8220;Crvena Zvezda&#8221;, V\u0101cijas komandu &#8220;Z\u0101rlu\u012b Royals&#8221; un Turcijas &#8220;Emlak Konut&#8221;. Pret\u012b st\u0101sies ar\u012b Eirol\u012bgas kvalifik\u0101ciju nep\u0101rvar\u0113ju\u0161as komandas. Lai gan &#8220;Crvena Zvezda&#8221; ir sp\u0113c\u012bgs pretinieks ar bag\u0101tu v\u0113sturi, komandas galvenais treneris Aigars Nerips uzsver, ka galvenais b\u016bs koncentr\u0113ties uz savu sp\u0113li un taktiku, nevis piel\u0101goties pretiniec\u0113m. Pirmais ma\u010ds tika aizvad\u012bts pret &#8220;Crvena Zvezda&#8221;, un rezult\u0101ts nebija par labu &#8220;TTT R\u012bga&#8221;, ta\u010du sezona ir s\u0101kusies un c\u012b\u0146a turpin\u0101s.<\/p>\n","protected":false},"excerpt":{"rendered":"TTT R\u012bga: Amb\u012bcijas un izaicin\u0101jumi FIBA Eirokaus\u0101 Latvijas \u010dempionvien\u012bba &#8220;TTT R\u012bga&#8221; uzs\u0101k savu ce\u013cu Starptautisk\u0101s Basketbola feder\u0101cijas (FIBA)&hellip;\n","protected":false},"author":2,"featured_media":19245,"comment_status":"","ping_status":"","sticky":false,"template":"","format":"standard","meta":{"footnotes":""},"categories":[17],"tags":[6304,6303,35,39,38,36,37,34,40,2152,67,2150,6305],"class_list":{"0":"post-19244","1":"post","2":"type-post","3":"status-publish","4":"format-standard","5":"has-post-thumbnail","7":"category-sports","8":"tag-aigars-nerips","9":"tag-fiba-eirokauss","10":"tag-latvia","11":"tag-latvian","12":"tag-latviesu","13":"tag-latviesu-valoda","14":"tag-latviesuvaloda","15":"tag-latvija","16":"tag-lv","17":"tag-sieviesu-basketbols","18":"tag-sports","19":"tag-ttt-riga","20":"tag-vanesa-jasa"},"share_on_mastodon":{"url":"","error":""},"_links":{"self":[{"href":"https:\/\/www.europesays.com\/lv\/wp-json\/wp\/v2\/posts\/19244","targetHints":{"allow":["GET"]}}],"collection":[{"href":"https:\/\/www.europesays.com\/lv\/wp-json\/wp\/v2\/posts"}],"about":[{"href":"https:\/\/www.europesays.com\/lv\/wp-json\/wp\/v2\/types\/post"}],"author":[{"embeddable":true,"href":"https:\/\/www.europesays.com\/lv\/wp-json\/wp\/v2\/users\/2"}],"replies":[{"embeddable":true,"href":"https:\/\/www.europesays.com\/lv\/wp-json\/wp\/v2\/comments?post=19244"}],"version-history":[{"count":0,"href":"https:\/\/www.europesays.com\/lv\/wp-json\/wp\/v2\/posts\/19244\/revisions"}],"wp:featuredmedia":[{"embeddable":true,"href":"https:\/\/www.europesays.com\/lv\/wp-json\/wp\/v2\/media\/19245"}],"wp:attachment":[{"href":"https:\/\/www.europesays.com\/lv\/wp-json\/wp\/v2\/media?parent=19244"}],"wp:term":[{"taxonomy":"category","embeddable":true,"href":"https:\/\/www.europesays.com\/lv\/wp-json\/wp\/v2\/categories?post=19244"},{"taxonomy":"post_tag","embeddable":true,"href":"https:\/\/www.europesays.com\/lv\/wp-json\/wp\/v2\/tags?post=19244"}],"curies":[{"name":"wp","href":"https:\/\/api.w.org\/{rel}","templated":true}]}}