{"id":192574,"date":"2026-05-01T15:12:10","date_gmt":"2026-05-01T15:12:10","guid":{"rendered":"https:\/\/www.europesays.com\/lv\/192574\/"},"modified":"2026-05-01T15:12:10","modified_gmt":"2026-05-01T15:12:10","slug":"atklats-patiesais-iemesls-kapec-karaliskas-damas-vienmer-tur-rokas-sominu-lente-lv","status":"publish","type":"post","link":"https:\/\/www.europesays.com\/lv\/192574\/","title":{"rendered":"Atkl\u0101ts patiesais iemesls, k\u0101p\u0113c karalisk\u0101s d\u0101mas vienm\u0113r tur rok\u0101s somi\u0146u\u00a0\u2014\u00a0Lente.lv"},"content":{"rendered":"<p>Somi\u0146as ne tikai aksesu\u0101rs, bet ar\u012b komunik\u0101cijas l\u012bdzeklis<\/p>\n<p>Ja k\u0101dreiz esat v\u0113rojis karaliskos pas\u0101kumus un paman\u012bjis, ka d\u0101mas gandr\u012bz vienm\u0113r tur rok\u0101s nelielu somi\u0146u, tad visticam\u0101k esat aizdom\u0101jies par t\u0101s noz\u012bmi. K\u0101 inform\u0113 port\u0101ls jauns.lv, \u0161is aksesu\u0101rs nav tikai modes elements, bet gan izmantots k\u0101 kluss un diskr\u0113ts sazi\u0146as l\u012bdzeklis ar person\u0101lu un pat k\u0101 veids, k\u0101 izvair\u012bties no ne\u0113rt\u0101m situ\u0101cij\u0101m.<\/p>\n<p>Viena no ilg\u0101kaj\u0101m karaliskaj\u0101m somu trad\u012bcij\u0101m aizs\u0101k\u0101s ar karalieni Elizabeti II, kura, k\u0101 zi\u0146ots, izmantoja savu somi\u0146u, lai publiskos pas\u0101kumos diskr\u0113ti nor\u0101d\u012btu person\u0101lam uz sav\u0101m vajadz\u012bb\u0101m. \u0160\u012b sist\u0113ma pal\u012bdz\u0113ja nodro\u0161in\u0101t pas\u0101kumu norisi un ir saglab\u0101jusies l\u012bdz pat m\u016bsdien\u0101m.<\/p>\n<p>Somi\u0146as k\u0101 sign\u0101lu sist\u0113ma<\/p>\n<p>Karaliskie nov\u0113rot\u0101ji ir nor\u0101d\u012bju\u0161i, ka somi\u0146as novietojums var\u0113ja sniegt skaidras zi\u0146as. Piem\u0113ram, somas p\u0101rlik\u0161ana no vienas rokas uz otru var\u0113ja signaliz\u0113t, ka saruna j\u0101beidz. T\u0101s nolik\u0161ana uz galda noz\u012bm\u0113ja gatav\u012bbu doties prom da\u017eu min\u016b\u0161u laik\u0101, savuk\u0101rt novieto\u0161ana uz gr\u012bdas lika person\u0101lam saprast, ka karaliskajai personai nepiecie\u0161ama pal\u012bdz\u012bba, lai izk\u013c\u016btu no sarunas. \u0160\u012b klus\u0101 sist\u0113ma pal\u012bdz\u0113ja uztur\u0113t pas\u0101kumu pl\u016bsmu un nov\u0113rst jebk\u0101du publisku ne\u0113rt\u012bbu.<\/p>\n<p>Princese Keita bie\u017ei tiek redz\u0113ta, izmantojot savu somi\u0146u l\u012bdz\u012bg\u0101 veid\u0101, \u013caujot pal\u012bgiem p\u0101rvald\u012bt p\u016b\u013ca mijiedarb\u012bbu bez nepiecie\u0161am\u012bbas p\u0113c neveikliem verb\u0101liem nor\u0101d\u012bjumiem. Elegants veids, k\u0101 izvair\u012bties no bezgal\u012bgiem rokasspiedieniem, kas ir bie\u017ea karalisko pien\u0101kumu sast\u0101vda\u013ca.<\/p>\n<p>Dro\u0161\u012bba un p\u016b\u013ca kontrole<\/p>\n<p>Lai gan karaliskie p\u0101rst\u0101vji nekad nav piln\u012bgi vieni un vi\u0146iem vienm\u0113r ir blakus pal\u012bgi un dro\u0161\u012bbas komandas, somi\u0146a joproj\u0101m sp\u0113l\u0113 lomu p\u016b\u013ca vad\u012bb\u0101. Eksperti nor\u0101d\u012bju\u0161i, ka somas novietojums var\u0113ja dot nor\u0101d\u012bjumus karalisk\u0101s aizsardz\u012bbas komand\u0101m p\u0101rvietot galveno personu, piel\u0101got att\u0101lumu vai pabeigt pas\u0101kumu, tas viss notiekot bez redzamas piep\u016bles.<\/p>\n<p>\u0160\u012b diskr\u0113t\u0101 komunik\u0101cijas metode nodro\u0161ina, ka pas\u0101kumi norit gludi un profesion\u0101li, radot iespaidu par bezr\u016bp\u012bgu norisi.<\/p>\n<p>Somi\u0146as saturs \u2013 minim\u0101ls<\/p>\n<p>Neraugoties uz to, ka karalisk\u0101s somi\u0146as vienm\u0113r ir kl\u0101t, taj\u0101s parasti neatrodas daudz mantu. K\u0101 liecina biogr\u0101fijas un zi\u0146ojumi, princese Keita parasti nes l\u012bdzi tikai da\u017eas nepiecie\u0161am\u0101k\u0101s lietas, piem\u0113ram, l\u016bpu balzamu, kompakto spoguli un kabatlakati\u0146u, atst\u0101jot visu p\u0101r\u0113jo person\u0101lam. Tas apliecina, ka somi\u0146as prim\u0101r\u0101 funkcija publiskos pas\u0101kumos ir sazi\u0146a un eti\u0137ete, nevis praktiska nepiecie\u0161am\u012bba.<\/p>\n","protected":false},"excerpt":{"rendered":"Somi\u0146as ne tikai aksesu\u0101rs, bet ar\u012b komunik\u0101cijas l\u012bdzeklis Ja k\u0101dreiz esat v\u0113rojis karaliskos pas\u0101kumus un paman\u012bjis, ka d\u0101mas&hellip;\n","protected":false},"author":2,"featured_media":192575,"comment_status":"","ping_status":"","sticky":false,"template":"","format":"standard","meta":{"footnotes":"","_share_on_mastodon":"0"},"categories":[19],"tags":[89,14761,90,1641,18344,35,39,38,36,37,34,40,175,35889],"class_list":["post-192574","post","type-post","status-publish","format-standard","has-post-thumbnail","category-izklaide","tag-entertainment","tag-etikete","tag-izklaide","tag-karaliska-gimene","tag-komunikacija","tag-latvia","tag-latvian","tag-latviesu","tag-latviesu-valoda","tag-latviesuvaloda","tag-latvija","tag-lv","tag-mode","tag-somina"],"share_on_mastodon":{"url":"https:\/\/pubeurope.com\/@lv\/116499969857480904","error":""},"_links":{"self":[{"href":"https:\/\/www.europesays.com\/lv\/wp-json\/wp\/v2\/posts\/192574","targetHints":{"allow":["GET"]}}],"collection":[{"href":"https:\/\/www.europesays.com\/lv\/wp-json\/wp\/v2\/posts"}],"about":[{"href":"https:\/\/www.europesays.com\/lv\/wp-json\/wp\/v2\/types\/post"}],"author":[{"embeddable":true,"href":"https:\/\/www.europesays.com\/lv\/wp-json\/wp\/v2\/users\/2"}],"replies":[{"embeddable":true,"href":"https:\/\/www.europesays.com\/lv\/wp-json\/wp\/v2\/comments?post=192574"}],"version-history":[{"count":0,"href":"https:\/\/www.europesays.com\/lv\/wp-json\/wp\/v2\/posts\/192574\/revisions"}],"wp:featuredmedia":[{"embeddable":true,"href":"https:\/\/www.europesays.com\/lv\/wp-json\/wp\/v2\/media\/192575"}],"wp:attachment":[{"href":"https:\/\/www.europesays.com\/lv\/wp-json\/wp\/v2\/media?parent=192574"}],"wp:term":[{"taxonomy":"category","embeddable":true,"href":"https:\/\/www.europesays.com\/lv\/wp-json\/wp\/v2\/categories?post=192574"},{"taxonomy":"post_tag","embeddable":true,"href":"https:\/\/www.europesays.com\/lv\/wp-json\/wp\/v2\/tags?post=192574"}],"curies":[{"name":"wp","href":"https:\/\/api.w.org\/{rel}","templated":true}]}}