{"id":19298,"date":"2025-10-12T15:45:07","date_gmt":"2025-10-12T15:45:07","guid":{"rendered":"https:\/\/www.europesays.com\/lv\/19298\/"},"modified":"2025-10-12T15:45:07","modified_gmt":"2025-10-12T15:45:07","slug":"zagars-atgriezas-un-palidz-fenerbahce-izcinit-uzvaru","status":"publish","type":"post","link":"https:\/\/www.europesays.com\/lv\/19298\/","title":{"rendered":"\u017dagars atgrie\u017eas un pal\u012bdz &#8220;Fenerbahce&#8221; izc\u012bn\u012bt uzvaru"},"content":{"rendered":"<p>&#8220;Fenerbahce&#8221; m\u0101j\u0101s ar 87:73 (27:15, 16:23, 22:12, 22:23) uzvar\u0113ja &#8220;Karsiyaka&#8221; basketbolistus.<\/p>\n<p>\u017dagaram \u0161\u012b bija pirm\u0101 sp\u0113le kop\u0161 septembra beig\u0101m, kad vi\u0146\u0161 Turcijas meistarsac\u012bk\u0161u ma\u010d\u0101 guva musku\u013cu traumu. \u017dagars n\u0101ca no soli\u0146a un laukum\u0101 pavad\u012bja 13 min\u016btes un 12 sekundes, realiz\u0113ja vienu no diviem t\u0101lmetieniem un visus tr\u012bs soda metienus, k\u0101 ar\u012b izpild\u012bja divus neprec\u012bzus divpunktu metienus. Vi\u0146a kont\u0101 bija ar\u012b viena atl\u0113kus\u012b bumba, viena rezultat\u012bva piesp\u0113le, viena p\u0101rtverta bumba, viena k\u013c\u016bda, tr\u012bs izprovoc\u0113ti noteikumu p\u0101rk\u0101pumi, pozit\u012bvs +\/- r\u0101d\u012bt\u0101js (+3) un pieci efektivit\u0101tes koeficienta punkti.<\/p>\n<p>&#8220;Fenerbahce&#8221; komand\u0101 rezultat\u012bv\u0101kais ar 16 punktiem bija Melihs Mahmutolu, bet pretiniekiem 17 punktus guva \u010c\u0101rlzs Menings.<\/p>\n<p>Pirms tam <a href=\"https:\/\/sports.tvnet.lv\/term\/522499\/rolands-smits\" class=\"topicLink\" target=\"_blank\" rel=\"nofollow noopener\">Rolands \u0160mits<\/a> guva divus punktus, kam\u0113r Stambulas &#8220;Anadolu Efes&#8221; m\u0101j\u0101s ar 90:72 (33:16, 19:22, 25:14, 13:20) p\u0101rsp\u0113ja Denizli &#8220;Merkezefendi&#8221;.<\/p>\n<p>\u0160mits laukum\u0101 bija 12 min\u016btes un 28 sekundes, groz\u0101 raid\u012bja vienu no diviem divpunktu metieniem, izpild\u012bja vienu neprec\u012bzu t\u0101lmetienu, izc\u012bn\u012bja se\u0161as atl\u0113ku\u0161\u0101s bumbas, atdeva tr\u012bs rezultat\u012bvas piesp\u0113les, vienreiz p\u0101rk\u0101pa noteikumus, tika pie negat\u012bva +\/- r\u0101d\u012bt\u0101ja (-6) un devi\u0146iem efektivit\u0101tes koeficienta punktiem.<\/p>\n<p>&#8220;Anadolu Efes&#8221; komand\u0101 ar 18 punktiem un septi\u0146\u0101m atl\u0113ku\u0161aj\u0101m bumb\u0101m izc\u0113l\u0101s Aizija Kordinj\u0113.<\/p>\n<p>V\u0113l sv\u0113tdien Roberta Blumberga p\u0101rst\u0101v\u0113t\u0101 &#8220;Petkim Spor&#8221; tiksies ar latvie\u0161a iepriek\u0161\u0113jo klubu Stambulas &#8220;Galatasaray&#8221;.<\/p>\n<p>Sestdien K\u0101rlis \u0160ili\u0146\u0161 guva asto\u0146us punktus &#8220;Trabzonspor&#8221; zaud\u0113jum\u0101 79:85 &#8220;Bursaspor&#8221; komandai.<\/p>\n<p>Pag\u0101ju\u0161aj\u0101 sezon\u0101 par Turcijas \u010dempioni k\u013cuva Stambulas &#8220;Fenerbahce&#8221;, kas fin\u0101ls\u0113rij\u0101 ar 4-1 p\u0101rsp\u0113ja Stambulas &#8220;Besiktas&#8221;.<\/p>\n","protected":false},"excerpt":{"rendered":"&#8220;Fenerbahce&#8221; m\u0101j\u0101s ar 87:73 (27:15, 16:23, 22:12, 22:23) uzvar\u0113ja &#8220;Karsiyaka&#8221; basketbolistus. \u017dagaram \u0161\u012b bija pirm\u0101 sp\u0113le kop\u0161 septembra&hellip;\n","protected":false},"author":2,"featured_media":8056,"comment_status":"","ping_status":"","sticky":false,"template":"","format":"standard","meta":{"footnotes":""},"categories":[17],"tags":[1099,35,39,38,36,37,34,40,4341,67],"class_list":{"0":"post-19298","1":"post","2":"type-post","3":"status-publish","4":"format-standard","5":"has-post-thumbnail","7":"category-sports","8":"tag-arturs-zagars","9":"tag-latvia","10":"tag-latvian","11":"tag-latviesu","12":"tag-latviesu-valoda","13":"tag-latviesuvaloda","14":"tag-latvija","15":"tag-lv","16":"tag-rolands-smits","17":"tag-sports"},"share_on_mastodon":{"url":"","error":""},"_links":{"self":[{"href":"https:\/\/www.europesays.com\/lv\/wp-json\/wp\/v2\/posts\/19298","targetHints":{"allow":["GET"]}}],"collection":[{"href":"https:\/\/www.europesays.com\/lv\/wp-json\/wp\/v2\/posts"}],"about":[{"href":"https:\/\/www.europesays.com\/lv\/wp-json\/wp\/v2\/types\/post"}],"author":[{"embeddable":true,"href":"https:\/\/www.europesays.com\/lv\/wp-json\/wp\/v2\/users\/2"}],"replies":[{"embeddable":true,"href":"https:\/\/www.europesays.com\/lv\/wp-json\/wp\/v2\/comments?post=19298"}],"version-history":[{"count":0,"href":"https:\/\/www.europesays.com\/lv\/wp-json\/wp\/v2\/posts\/19298\/revisions"}],"wp:featuredmedia":[{"embeddable":true,"href":"https:\/\/www.europesays.com\/lv\/wp-json\/wp\/v2\/media\/8056"}],"wp:attachment":[{"href":"https:\/\/www.europesays.com\/lv\/wp-json\/wp\/v2\/media?parent=19298"}],"wp:term":[{"taxonomy":"category","embeddable":true,"href":"https:\/\/www.europesays.com\/lv\/wp-json\/wp\/v2\/categories?post=19298"},{"taxonomy":"post_tag","embeddable":true,"href":"https:\/\/www.europesays.com\/lv\/wp-json\/wp\/v2\/tags?post=19298"}],"curies":[{"name":"wp","href":"https:\/\/api.w.org\/{rel}","templated":true}]}}