{"id":19313,"date":"2025-10-12T16:01:08","date_gmt":"2025-10-12T16:01:08","guid":{"rendered":"https:\/\/www.europesays.com\/lv\/19313\/"},"modified":"2025-10-12T16:01:08","modified_gmt":"2025-10-12T16:01:08","slug":"dregnais-laiks-ir-klat-sinoptiku-prognozes-jaunajai-nedelai","status":"publish","type":"post","link":"https:\/\/www.europesays.com\/lv\/19313\/","title":{"rendered":"Dr\u0113gnais laiks ir kl\u0101t \u2013 sinopti\u0137u prognozes jaunajai ned\u0113\u013cai"},"content":{"rendered":"<p>Gaisa temperat\u016bra nakt\u012b pazemin\u0101sies l\u012bdz +3\u2026+7 gr\u0101diem, piekrast\u0113 par da\u017eiem gr\u0101diem silt\u0101ks, tur +7\u2026+10 gr\u0101di. Dien\u0101 gaiss rietumu un centr\u0101lajos rajonos iesils l\u012bdz +7\u2026+11 gr\u0101diem, austrumu rajonos tikai l\u012bdz +4\u2026+7 gr\u0101diem.<\/p>\n<p>Otrdien m\u0101ko\u0146i palaikam atnes\u012bs lietu, bet viet\u0101m debesis skaidrosies un uzsp\u012bd\u0113s saule. Nakt\u012b uz otrdienu atsevi\u0161\u0137os rajonos veidosies migla, kas da\u017eviet saglab\u0101sies ar\u012b no r\u012bta.<\/p>\n<p>Tre\u0161dien b\u016bs liel\u0101koties m\u0101ko\u0146ains laiks un viet\u0101m gaid\u0101ms lietus. P\u016bt\u012bs l\u0113ns l\u012bdz m\u0113rens zieme\u013crietumu, rietumu v\u0113j\u0161, kas otrdien j\u016bras piekrast\u0113 p\u016bt\u012bs m\u0113reni stipri, nakt\u012b uz otrdienu br\u0101zm\u0101s sasniedzot 15-16 m\/s. \u0160aj\u0101s nakt\u012bs gaiss atdzis\u012bs l\u012bdz +2\u2026+6 gr\u0101diem, Kurzemes piekrast\u0113 mazliet silt\u0101ks, tur +7\u2026+9 gr\u0101di. Dien\u0101s gaisa temperat\u016bra paaugstin\u0101sies l\u012bdz +6\u2026+12 gr\u0101diem.<\/p>\n<p>Ned\u0113\u013cas otraj\u0101 pus\u0113 laikapst\u0101k\u013cus turpin\u0101s noteikt ciklonu darb\u012bba \u2013 daudzviet turpin\u0101sies lietains laiks. Savuk\u0101rt v\u0113ja br\u0101zmas pierims un domin\u0113s l\u0113ns rietumu puses v\u0113j\u0161. Gaisa temperat\u016bra saglab\u0101sies +5\u2026+10 gr\u0101du robe\u017e\u0101s, bet br\u012bvdien\u0101s Latvijas teritorij\u0101 iepl\u016bd\u012bs aukst\u0101ka gaisa masa un temperat\u016bra nakt\u012bs pietuvosies 0 gr\u0101du atz\u012bmei.<\/p>\n<p class=\"tv3-fw-500\">Zi\u0146o par k\u013c\u016bdu rakst\u0101<\/p>\n<p class=\"d-md-block d-none\">Iez\u012bm\u0113 k\u013c\u016bdaino tekstu un spied Ctrl+Enter.<\/p>\n<p class=\"d-md-none d-block\">Iez\u012bm\u0113 k\u013c\u016bdaino tekstu un zi\u0146o par to!<\/p>\n","protected":false},"excerpt":{"rendered":"Gaisa temperat\u016bra nakt\u012b pazemin\u0101sies l\u012bdz +3\u2026+7 gr\u0101diem, piekrast\u0113 par da\u017eiem gr\u0101diem silt\u0101ks, tur +7\u2026+10 gr\u0101di. Dien\u0101 gaiss rietumu&hellip;\n","protected":false},"author":2,"featured_media":19314,"comment_status":"","ping_status":"","sticky":false,"template":"","format":"standard","meta":{"footnotes":""},"categories":[5],"tags":[23,28,29,32,33,22,152,30,31,35,39,38,36,37,34,40,20,26,27,24,25,21],"class_list":{"0":"post-19313","1":"post","2":"type-post","3":"status-publish","4":"format-standard","5":"has-post-thumbnail","7":"category-aktualitates","8":"tag-aktualitates","9":"tag-breaking-news","10":"tag-breakingnews","11":"tag-featured-news","12":"tag-featurednews","13":"tag-headlines","14":"tag-laika-prognoze","15":"tag-latest-news","16":"tag-latestnews","17":"tag-latvia","18":"tag-latvian","19":"tag-latviesu","20":"tag-latviesu-valoda","21":"tag-latviesuvaloda","22":"tag-latvija","23":"tag-lv","24":"tag-news","25":"tag-popularakas-zinas","26":"tag-popularakaszinas","27":"tag-top-stories","28":"tag-topstories","29":"tag-zinas"},"share_on_mastodon":{"url":"","error":""},"_links":{"self":[{"href":"https:\/\/www.europesays.com\/lv\/wp-json\/wp\/v2\/posts\/19313","targetHints":{"allow":["GET"]}}],"collection":[{"href":"https:\/\/www.europesays.com\/lv\/wp-json\/wp\/v2\/posts"}],"about":[{"href":"https:\/\/www.europesays.com\/lv\/wp-json\/wp\/v2\/types\/post"}],"author":[{"embeddable":true,"href":"https:\/\/www.europesays.com\/lv\/wp-json\/wp\/v2\/users\/2"}],"replies":[{"embeddable":true,"href":"https:\/\/www.europesays.com\/lv\/wp-json\/wp\/v2\/comments?post=19313"}],"version-history":[{"count":0,"href":"https:\/\/www.europesays.com\/lv\/wp-json\/wp\/v2\/posts\/19313\/revisions"}],"wp:featuredmedia":[{"embeddable":true,"href":"https:\/\/www.europesays.com\/lv\/wp-json\/wp\/v2\/media\/19314"}],"wp:attachment":[{"href":"https:\/\/www.europesays.com\/lv\/wp-json\/wp\/v2\/media?parent=19313"}],"wp:term":[{"taxonomy":"category","embeddable":true,"href":"https:\/\/www.europesays.com\/lv\/wp-json\/wp\/v2\/categories?post=19313"},{"taxonomy":"post_tag","embeddable":true,"href":"https:\/\/www.europesays.com\/lv\/wp-json\/wp\/v2\/tags?post=19313"}],"curies":[{"name":"wp","href":"https:\/\/api.w.org\/{rel}","templated":true}]}}