{"id":19323,"date":"2025-10-12T16:11:09","date_gmt":"2025-10-12T16:11:09","guid":{"rendered":"https:\/\/www.europesays.com\/lv\/19323\/"},"modified":"2025-10-12T16:11:09","modified_gmt":"2025-10-12T16:11:09","slug":"krievu-okupanti-terorize-ukrainu-rakete-un-droni-trapijusi-10-apkaimes-tv3-lv","status":"publish","type":"post","link":"https:\/\/www.europesays.com\/lv\/19323\/","title":{"rendered":"Krievu okupanti teroriz\u0113 Ukrainu \u2013 ra\u0137ete un droni tr\u0101p\u012bju\u0161i 10 apkaim\u0113s &#8211; tv3.lv"},"content":{"rendered":"<ol>\n<li><a href=\"https:\/\/news.google.com\/rss\/articles\/CBMipAFBVV95cUxQbjFjU3k1X0R4dlpxek8wTXpZd0V2T05SQ2l6d0ZJMkMwTlNkSEtLYnk3a0NfajZmLURvMkF1R0Z2ZFZsV01nc1NwRHhBeUltNVB5bzNYNVE3dlpVU2NJbjh3Y2tNd0NUYUFPNk8wbTZMeFVrRkJRM1JJamtseHRkLXpHZXBPcU9SNmNwWURjMjF5bXlTU18zSmRpcm50NVZkSG1NaQ?oc=5\" target=\"_blank\" rel=\"nofollow noopener\">Krievu okupanti teroriz\u0113 Ukrainu \u2013 ra\u0137ete un droni tr\u0101p\u012bju\u0161i 10 apkaim\u0113s<\/a>&nbsp;&nbsp;tv3.lv<\/li>\n<li><a href=\"https:\/\/news.google.com\/rss\/articles\/CBMi5wFBVV95cUxQM0E4UFRURzZLcW5pbmJ1YXhsaXh3N0RmdDRaRi10eGduX0tlMkZCQlpoYnEzcFpqb3dSVTVNaFQ1WXZNYUtmS1U2Vjg2ZG9xMjZ5a0VBaXcyR2RKTVRmYVMxVHZKcU9JWFJ0Ym1yMnlWbnBqM2FPWWg1ZE5UMVNucnctSDhyWGlvV2tWZkhUUlhlTmpFWTZvX3VWc1R0NXMzOTN3QmVIUEhreXJQd05iWGVsZkNtT0g2QXc1VnMxUC1KcldOS0dTRDZEZFZXMUlVTWFQMk1lb2tSbThSdEZ4aGJjMWt1aDg?oc=5\" target=\"_blank\" rel=\"nofollow noopener\">Ukrenergo: P\u0113c Krievijas masveida uzbrukuma vissare\u017e\u0123\u012bt\u0101k\u0101 situ\u0101cija ir Kijiv\u0101 un 5 apgabalos<\/a>&nbsp;&nbsp;LSM<\/li>\n<li><a href=\"https:\/\/news.google.com\/rss\/articles\/CBMingFBVV95cUxNSkZZLUNXb0YzaHVwUzZ0UGxqREhNTmR6dElaS05sQmJ0UmRtQ3RWWjdVVUlCMXNYcTdSNmFtdFJkcDk0SHh1eTdlZDY4UVhEQ01odFBmWWRDSFh3R0pmbGxQUURmOUtMMzVVanhTdnZiWFkxNmhmTlQwOFRPWVlVOGdrUTF4U1VwX0ZTSnhJXzA2S3VPSllmYUdmb0J0QQ?oc=5\" target=\"_blank\" rel=\"nofollow noopener\">Krievi atkal ap\u0161auda Ukrainu; tr\u0101pa desmit rajonos<\/a>&nbsp;&nbsp;Delfi<\/li>\n<li><a href=\"https:\/\/news.google.com\/rss\/articles\/CBMikAFBVV95cUxQVE9BUHQ0aHVYNmZPTjR3OEs2RjJfa2FsdHdqUWl0ck9WeXlnQ2hpTGRpUHVGNU51bHRIMWJtUzNRLVFlUzlTLWdEbGNuTjhfei1pWWFmMzYtYzUtS1RHWWk2YWVKMXZSQTJhdXpmcjJkcEJ3UkdvRnBnQ1NVNkVQdXAteDlfdmF4VktQTzJjWDU?oc=5\" target=\"_blank\" rel=\"nofollow noopener\">Sestdienas nakt\u012b Krievija uzbrukusi Ukrainai ar 78 droniem<\/a>&nbsp;&nbsp;TVNET<\/li>\n<li><a href=\"https:\/\/news.google.com\/rss\/articles\/CBMiigFBVV95cUxPQzc1NW5oTFA3b0xZZURQZG5HOVVYYUtOQkxRT2FOWG9KU1FhLWZTOUl6c01LQnNlZ0lHa0NjWkg0SENSdjZvX29wdTI2NDRnc00wbGhiVkdUS1VabXVYNzBuUDEwVlBKQk5OUk1yTEE5VDd1WWh3bG5ucjVXRUk3cHcySVp4ZEVZRWc?oc=5\" target=\"_blank\" rel=\"nofollow noopener\">Uz Ukrainu krievi raid\u012bju\u0161i ra\u0137eti un 118 lidrobotus<\/a>&nbsp;&nbsp;Apollo.lv<\/li>\n<\/ol>\n","protected":false},"excerpt":{"rendered":"Krievu okupanti teroriz\u0113 Ukrainu \u2013 ra\u0137ete un droni tr\u0101p\u012bju\u0161i 10 apkaim\u0113s&nbsp;&nbsp;tv3.lv Ukrenergo: P\u0113c Krievijas masveida uzbrukuma vissare\u017e\u0123\u012bt\u0101k\u0101 situ\u0101cija&hellip;\n","protected":false},"author":2,"featured_media":19324,"comment_status":"","ping_status":"","sticky":false,"template":"","format":"standard","meta":{"footnotes":""},"categories":[14],"tags":[23,57,28,29,32,33,22,3354,30,31,35,39,38,36,37,34,40,20,26,27,24,25,54,55,56,21,58],"class_list":{"0":"post-19323","1":"post","2":"type-post","3":"status-publish","4":"format-standard","5":"has-post-thumbnail","7":"category-zinas-no-arvalstim","8":"tag-aktualitates","9":"tag-arvalstim","10":"tag-breaking-news","11":"tag-breakingnews","12":"tag-featured-news","13":"tag-featurednews","14":"tag-headlines","15":"tag-kars-ukraina","16":"tag-latest-news","17":"tag-latestnews","18":"tag-latvia","19":"tag-latvian","20":"tag-latviesu","21":"tag-latviesu-valoda","22":"tag-latviesuvaloda","23":"tag-latvija","24":"tag-lv","25":"tag-news","26":"tag-popularakas-zinas","27":"tag-popularakaszinas","28":"tag-top-stories","29":"tag-topstories","30":"tag-world","31":"tag-world-news","32":"tag-worldnews","33":"tag-zinas","34":"tag-zinas-no-arvalstim"},"share_on_mastodon":{"url":"","error":""},"_links":{"self":[{"href":"https:\/\/www.europesays.com\/lv\/wp-json\/wp\/v2\/posts\/19323","targetHints":{"allow":["GET"]}}],"collection":[{"href":"https:\/\/www.europesays.com\/lv\/wp-json\/wp\/v2\/posts"}],"about":[{"href":"https:\/\/www.europesays.com\/lv\/wp-json\/wp\/v2\/types\/post"}],"author":[{"embeddable":true,"href":"https:\/\/www.europesays.com\/lv\/wp-json\/wp\/v2\/users\/2"}],"replies":[{"embeddable":true,"href":"https:\/\/www.europesays.com\/lv\/wp-json\/wp\/v2\/comments?post=19323"}],"version-history":[{"count":0,"href":"https:\/\/www.europesays.com\/lv\/wp-json\/wp\/v2\/posts\/19323\/revisions"}],"wp:featuredmedia":[{"embeddable":true,"href":"https:\/\/www.europesays.com\/lv\/wp-json\/wp\/v2\/media\/19324"}],"wp:attachment":[{"href":"https:\/\/www.europesays.com\/lv\/wp-json\/wp\/v2\/media?parent=19323"}],"wp:term":[{"taxonomy":"category","embeddable":true,"href":"https:\/\/www.europesays.com\/lv\/wp-json\/wp\/v2\/categories?post=19323"},{"taxonomy":"post_tag","embeddable":true,"href":"https:\/\/www.europesays.com\/lv\/wp-json\/wp\/v2\/tags?post=19323"}],"curies":[{"name":"wp","href":"https:\/\/api.w.org\/{rel}","templated":true}]}}