{"id":19327,"date":"2025-10-12T16:18:01","date_gmt":"2025-10-12T16:18:01","guid":{"rendered":"https:\/\/www.europesays.com\/lv\/19327\/"},"modified":"2025-10-12T16:18:01","modified_gmt":"2025-10-12T16:18:01","slug":"nogalinati-58-pakistaniesu-karaviri-nakts-uzbrukuma","status":"publish","type":"post","link":"https:\/\/www.europesays.com\/lv\/19327\/","title":{"rendered":"Nogalin\u0101ti 58 pakist\u0101nie\u0161u karav\u012bri nakts uzbrukum\u0101"},"content":{"rendered":"<p>Tikm\u0113r Pakist\u0101nas puse v\u0113sta tikai par 23 kritu\u0161ajiem.<\/p>\n<p>K\u0101 jau v\u0113st\u012bts, talibu re\u017e\u012bms iepriek\u0161 pazi\u0146oja, ka Afganist\u0101nas dro\u0161\u012bbas sp\u0113ki sestdienas vakar\u0101 uzbruku\u0161i Pakist\u0101nas robe\u017eposte\u0146iem, rea\u0123\u0113jot uz atk\u0101totiem teritorijas un gaisa telpas p\u0101rk\u0101pumiem.<\/p>\n<p>Iepriek\u0161 \u0161oned\u0113\u013c Afganist\u0101nas varasiest\u0101des aps\u016bdz\u0113ja Pakist\u0101nu par Kabulas bombard\u0113\u0161anu un par uzbrukumu tirgum valsts austrumos, lai gan Islamabada nav uz\u0146\u0113musies atbild\u012bbu par \u0161iem uzbrukumiem.<\/p>\n<p>Agr\u0101 sv\u0113tdienas r\u012bt\u0101 Afganist\u0101nas Aizsardz\u012bbas ministrija pazi\u0146oja, ka pierobe\u017e\u0101 veiktas &#8220;veiksm\u012bgas atriebes oper\u0101cijas&#8221;.<\/p>\n<p>&#8220;Ja pret\u0113j\u0101 puse atkal p\u0101rk\u0101ps Afganist\u0101nas teritori\u0101lo integrit\u0101ti, m\u016bsu bru\u0146otie sp\u0113ki ir piln\u0101 gatav\u012bb\u0101 aizst\u0101v\u0113t valsts robe\u017eas un dos sp\u0113c\u012bgu prettriecienu,&#8221; nor\u0101d\u012bja ministrija.<\/p>\n<p>Talibu vald\u012bbas p\u0101rst\u0101vis Zabihulla Mud\u017ehids v\u0113l\u0101k pav\u0113st\u012bja, ka uzbrukumos ie\u0146emti 25 Pakist\u0101nas armijas poste\u0146i un nogalin\u0101ti 58 pakist\u0101nie\u0161u karav\u012bri, bet 30 guvu\u0161i ievainojumus.<\/p>\n<p>Torh\u0101mas robe\u017e\u0161\u0137\u0113rso\u0161anas punkts, kas ir viens no galvenajiem tirdzniec\u012bbas ce\u013ciem starp ab\u0101m valst\u012bm, sv\u0113tdien netika atv\u0113rts, k\u0101 ierasts plkst. 8, un joproj\u0101m ir sl\u0113gts.<\/p>\n<p>Islamabada aps\u016bdz afg\u0101\u0146u varasiest\u0101des par patv\u0113ruma snieg\u0161anu Pakist\u0101nas talibu grup\u0113jumam TTP, kas veic teroraktus Paikist\u0101nas teritorij\u0101. Kabula \u0161\u012bs aps\u016bdz\u012bbas noraida, apgalvojot, ka ne\u013cauj savu teritoriju izmantot pret cit\u0101m valst\u012bm v\u0113rst\u0101m darb\u012bb\u0101m.<\/p>\n","protected":false},"excerpt":{"rendered":"Tikm\u0113r Pakist\u0101nas puse v\u0113sta tikai par 23 kritu\u0161ajiem. K\u0101 jau v\u0113st\u012bts, talibu re\u017e\u012bms iepriek\u0161 pazi\u0146oja, ka Afganist\u0101nas dro\u0161\u012bbas&hellip;\n","protected":false},"author":2,"featured_media":19328,"comment_status":"","ping_status":"","sticky":false,"template":"","format":"standard","meta":{"footnotes":""},"categories":[14],"tags":[872,23,57,28,29,32,33,22,30,31,35,39,38,36,37,34,40,20,6209,26,27,24,25,2009,54,55,56,21,58],"class_list":{"0":"post-19327","1":"post","2":"type-post","3":"status-publish","4":"format-standard","5":"has-post-thumbnail","7":"category-zinas-no-arvalstim","8":"tag-afganistana","9":"tag-aktualitates","10":"tag-arvalstim","11":"tag-breaking-news","12":"tag-breakingnews","13":"tag-featured-news","14":"tag-featurednews","15":"tag-headlines","16":"tag-latest-news","17":"tag-latestnews","18":"tag-latvia","19":"tag-latvian","20":"tag-latviesu","21":"tag-latviesu-valoda","22":"tag-latviesuvaloda","23":"tag-latvija","24":"tag-lv","25":"tag-news","26":"tag-pakistana","27":"tag-popularakas-zinas","28":"tag-popularakaszinas","29":"tag-top-stories","30":"tag-topstories","31":"tag-uzbrukums","32":"tag-world","33":"tag-world-news","34":"tag-worldnews","35":"tag-zinas","36":"tag-zinas-no-arvalstim"},"share_on_mastodon":{"url":"","error":""},"_links":{"self":[{"href":"https:\/\/www.europesays.com\/lv\/wp-json\/wp\/v2\/posts\/19327","targetHints":{"allow":["GET"]}}],"collection":[{"href":"https:\/\/www.europesays.com\/lv\/wp-json\/wp\/v2\/posts"}],"about":[{"href":"https:\/\/www.europesays.com\/lv\/wp-json\/wp\/v2\/types\/post"}],"author":[{"embeddable":true,"href":"https:\/\/www.europesays.com\/lv\/wp-json\/wp\/v2\/users\/2"}],"replies":[{"embeddable":true,"href":"https:\/\/www.europesays.com\/lv\/wp-json\/wp\/v2\/comments?post=19327"}],"version-history":[{"count":0,"href":"https:\/\/www.europesays.com\/lv\/wp-json\/wp\/v2\/posts\/19327\/revisions"}],"wp:featuredmedia":[{"embeddable":true,"href":"https:\/\/www.europesays.com\/lv\/wp-json\/wp\/v2\/media\/19328"}],"wp:attachment":[{"href":"https:\/\/www.europesays.com\/lv\/wp-json\/wp\/v2\/media?parent=19327"}],"wp:term":[{"taxonomy":"category","embeddable":true,"href":"https:\/\/www.europesays.com\/lv\/wp-json\/wp\/v2\/categories?post=19327"},{"taxonomy":"post_tag","embeddable":true,"href":"https:\/\/www.europesays.com\/lv\/wp-json\/wp\/v2\/tags?post=19327"}],"curies":[{"name":"wp","href":"https:\/\/api.w.org\/{rel}","templated":true}]}}