{"id":193357,"date":"2026-05-02T18:43:06","date_gmt":"2026-05-02T18:43:06","guid":{"rendered":"https:\/\/www.europesays.com\/lv\/193357\/"},"modified":"2026-05-02T18:43:06","modified_gmt":"2026-05-02T18:43:06","slug":"austrijas-policija-areste-iespejamo-hipp-santazetaju","status":"publish","type":"post","link":"https:\/\/www.europesays.com\/lv\/193357\/","title":{"rendered":"Austrijas policija arest\u0113 iesp\u0113jamo Hipp \u0161anta\u017e\u0113t\u0101ju"},"content":{"rendered":"<p>Austrijas izmekl\u0113t\u0101ji ir arest\u0113ju\u0161i aizdom\u0101s turamo liet\u0101 par izspie\u0161anas m\u0113\u0123in\u0101jumu no b\u0113rnu p\u0101rtikas ra\u017eot\u0101ja Hipp. Aizdom\u0101s turamais ir 39 gadus vecs v\u012brietis, pazi\u0146oja Eizen\u0161tates prokurat\u016bras p\u0101rst\u0101ve. Vi\u0146\u0161 tika arest\u0113ts Austrij\u0101, pazi\u0146oja prokurat\u016bra.<\/p>\n<p>S\u012bk\u0101ka inform\u0101cija par aizdom\u0101s tur\u0113t\u0101 identit\u0101ti izmekl\u0113\u0161anas apsv\u0113rumu d\u0113\u013c netiek atkl\u0101ta. 39 gadus vecais v\u012brietis pa\u0161laik tiek pratin\u0101ts, pazi\u0146oja Burgenlandes feder\u0101l\u0101 <a href=\"https:\/\/www.tvnet.lv\/term\/565901\/policija\" class=\"topicLink\" target=\"_blank\" rel=\"nofollow noopener\">policija<\/a>, kas vi\u0146u arest\u0113ja ar Austrijas Feder\u0101l\u0101s krimin\u0101lpolicijas biroja atbalstu.<\/p>\n<p>Jau zi\u0146ots, ka nezin\u0101ma persona m\u0113\u0123in\u0101ja izspiest naudu no V\u0101cijas b\u0113rnu p\u0101rtikas ra\u017eot\u0101ja, ievietojot b\u0113rnu p\u0101rtik\u0101 \u017eurku indi. Policija Austrij\u0101, \u010cehij\u0101 un Slov\u0101kij\u0101 atkl\u0101ja kopum\u0101 piecas b\u0113rnu p\u0101rtikas burci\u0146as, kas satur\u0113ja \u017eurku indi.<\/p>\n<p>Izmekl\u0113t\u0101ji Austrij\u0101 konfisc\u0113taj\u0101 190 gramu burci\u0146\u0101 ar \u201cBurk\u0101niem un kartupe\u013ciem\u201d atrada 15 mikrogramus \u017eurku indes; indes veids pagaid\u0101m nav noteikts. Joproj\u0101m notiek otras potenci\u0101li saind\u0113tas burci\u0146as mekl\u0113\u0161ana Austrij\u0101. Saska\u0146\u0101 ar uz\u0146\u0113muma, kura galven\u0101 m\u012btne atrodas Pfafenhofen\u0101 pie Ilmas, Aug\u0161bav\u0101rij\u0101, sniegto inform\u0101ciju, V\u0101cijas produktu l\u012bnija netika skarta.<\/p>\n<p>\u201cHipp ir izspie\u0161anas upuris,\u201d uz\u0146\u0113mums pazi\u0146oja 20. apr\u012bl\u012b Pfafenhofen\u0101 pie Ilmas, Aug\u0161bav\u0101rij\u0101. Uz\u0146\u0113mums sav\u0101 t\u012bmek\u013ca vietn\u0113 rakst\u012bja: \u201cT\u016bl\u012bt p\u0113c situ\u0101cijas apzin\u0101\u0161anas m\u0113s inform\u0113j\u0101m attiec\u012bgo policiju un iest\u0101des un izveidoj\u0101m iek\u0161\u0113ju kr\u012bzes komandu.\u201d<\/p>\n<p>Iepriek\u0161 vair\u0101ki labi paz\u012bstami uz\u0146\u0113mumi ir biju\u0161i izspie\u0161anas m\u0113\u0123in\u0101jumu m\u0113r\u0137i, kas saist\u012bti ar saind\u0113tu p\u0101rtiku. B\u0113rnu <a href=\"https:\/\/www.tvnet.lv\/term\/555535\/partika\" class=\"topicLink\" target=\"_blank\" rel=\"nofollow noopener\">p\u0101rtika<\/a> ir bijusi izspied\u0113ju m\u0113r\u0137is jau iepriek\u0161.<\/p>\n","protected":false},"excerpt":{"rendered":"Austrijas izmekl\u0113t\u0101ji ir arest\u0113ju\u0161i aizdom\u0101s turamo liet\u0101 par izspie\u0161anas m\u0113\u0123in\u0101jumu no b\u0113rnu p\u0101rtikas ra\u017eot\u0101ja Hipp. Aizdom\u0101s turamais ir&hellip;\n","protected":false},"author":2,"featured_media":193358,"comment_status":"","ping_status":"","sticky":false,"template":"","format":"standard","meta":{"footnotes":"","_share_on_mastodon":"0"},"categories":[14],"tags":[23,57,623,28,29,32,33,22,30,31,35,39,38,36,37,34,40,20,3843,591,163,26,27,24,25,54,55,56,21,58],"class_list":["post-193357","post","type-post","status-publish","format-standard","has-post-thumbnail","category-zinas-no-arvalstim","tag-aktualitates","tag-arvalstim","tag-austrija","tag-breaking-news","tag-breakingnews","tag-featured-news","tag-featurednews","tag-headlines","tag-latest-news","tag-latestnews","tag-latvia","tag-latvian","tag-latviesu","tag-latviesu-valoda","tag-latviesuvaloda","tag-latvija","tag-lv","tag-news","tag-partika","tag-partikas-produkti","tag-policija","tag-popularakas-zinas","tag-popularakaszinas","tag-top-stories","tag-topstories","tag-world","tag-world-news","tag-worldnews","tag-zinas","tag-zinas-no-arvalstim"],"share_on_mastodon":{"url":"https:\/\/pubeurope.com\/@lv\/116506460436683626","error":""},"_links":{"self":[{"href":"https:\/\/www.europesays.com\/lv\/wp-json\/wp\/v2\/posts\/193357","targetHints":{"allow":["GET"]}}],"collection":[{"href":"https:\/\/www.europesays.com\/lv\/wp-json\/wp\/v2\/posts"}],"about":[{"href":"https:\/\/www.europesays.com\/lv\/wp-json\/wp\/v2\/types\/post"}],"author":[{"embeddable":true,"href":"https:\/\/www.europesays.com\/lv\/wp-json\/wp\/v2\/users\/2"}],"replies":[{"embeddable":true,"href":"https:\/\/www.europesays.com\/lv\/wp-json\/wp\/v2\/comments?post=193357"}],"version-history":[{"count":0,"href":"https:\/\/www.europesays.com\/lv\/wp-json\/wp\/v2\/posts\/193357\/revisions"}],"wp:featuredmedia":[{"embeddable":true,"href":"https:\/\/www.europesays.com\/lv\/wp-json\/wp\/v2\/media\/193358"}],"wp:attachment":[{"href":"https:\/\/www.europesays.com\/lv\/wp-json\/wp\/v2\/media?parent=193357"}],"wp:term":[{"taxonomy":"category","embeddable":true,"href":"https:\/\/www.europesays.com\/lv\/wp-json\/wp\/v2\/categories?post=193357"},{"taxonomy":"post_tag","embeddable":true,"href":"https:\/\/www.europesays.com\/lv\/wp-json\/wp\/v2\/tags?post=193357"}],"curies":[{"name":"wp","href":"https:\/\/api.w.org\/{rel}","templated":true}]}}