{"id":19400,"date":"2025-10-12T18:13:07","date_gmt":"2025-10-12T18:13:07","guid":{"rendered":"https:\/\/www.europesays.com\/lv\/19400\/"},"modified":"2025-10-12T18:13:07","modified_gmt":"2025-10-12T18:13:07","slug":"jautajumi-par-mara-spruda-iesaisti","status":"publish","type":"post","link":"https:\/\/www.europesays.com\/lv\/19400\/","title":{"rendered":"jaut\u0101jumi par M\u0101ra Spr\u016bda iesaisti"},"content":{"rendered":"<p>Sarun\u0101 ar \u201cde facto\u201d V\u0101rpi\u0146\u0161, kur\u0161 jau piemin\u0113taj\u0101 krimin\u0101lliet\u0101 liet\u0101 aizst\u0101v naudas atmazg\u0101\u0161an\u0101 aps\u016bdz\u0113tu \u012arijas pilsoni, Spr\u016bda lomu \u201cTiesiskums.lv\u201d izveid\u0113 gan m\u0113\u0123ina mazin\u0101t. L\u016bgts koment\u0113t Spr\u016bda teikto par vi\u0146a paz\u012b\u0161anos ar publiski nezin\u0101mo projekta finans\u0113t\u0101ju un pal\u012bdz\u012bbu tam ar padomiem, k\u0101 ar\u012b zin\u0101\u0161an\u0101m par ideju pirms biedr\u012bbu tap\u0161anas, LZAP priek\u0161s\u0113d\u0113t\u0101js atbild\u0113ja: \u201cJaut\u0101jums, ko m\u0113s saprotam ar paz\u012bst? Jo Latviju ir tik maza, ka, piem\u0113ram, es ar\u012b paz\u012bstu liel\u0101ko da\u013cu, kam ir, k\u0101 saka, biznesa vid\u0113, kas ir krimin\u0101laj\u0101 vid\u0113, kas ar\u012b&#8230; Nu ar\u012b m\u0113s esam paz\u012bstami sav\u0101 zi\u0146\u0101, Bet t\u0101p\u0113c tas nav nekas t\u0101ds&#8230;\u201d<\/p>\n<p>Uz \u201cde facto\u201d nor\u0101di par Kaminskas teikto \u2013 ja vi\u0146a zin\u0101tu, ka aiz biedr\u012bbas esot Spr\u016bds, vi\u0146a taj\u0101 neb\u016btu iest\u0101jusies, V\u0101rpi\u0146\u0161 izr\u0101da neizpratni: \u201cNu pagaidiet, bet k\u0101p\u0113c mums dom\u0101t, ka tur ir Spr\u016bds? (..) K\u0101p\u0113c lai man b\u016btu pamats uzskat\u012bt, ka tur b\u016btu? Es dom\u0101ju, ka t\u0101 ir izplat\u012bta speci\u0101li, saprotiet, lai diskredit\u0113tu \u201cTiesiskums.lv\u201d, \u0161\u012b inform\u0101cija&#8230;\u201d<\/p>\n<p>Tikm\u0113r TAB valdes loceklis Stucka, kur\u0161 regul\u0101ri ir kl\u0101t \u201cTiesiskums.lv\u201d l\u012bgumu parakst\u012b\u0161anas pas\u0101kumos gan re\u0123ionos, gan Pension\u0101ru feder\u0101cijas telp\u0101s, ir vien\u012bgais no \u201cde facto\u201d uzrun\u0101tajiem TAB dibin\u0101t\u0101jiem, kur\u0161 atz\u012bst komunik\u0101ciju ar Spr\u016bdu.<\/p>\n<p>\u201cEs nep\u0101rsp\u012bl\u0113\u0161u, ka es esmu run\u0101jis ar k\u0101diem simts cilv\u0113kiem, varb\u016bt pat vair\u0101k. Tad, kad bija \u0161\u012b projekta\u2026 es pat neteiktu projekta, kad \u0161\u012b \u201ciniciat\u012bva\u201d tika dom\u0101ta un izdom\u0101ta, tad tika apstaig\u0101ts \u013coti daudz cilv\u0113ku, pied\u0101v\u0101jot piedal\u012bties \u0161aj\u0101 iniciat\u012bv\u0101, sa\u0146emot tai skait\u0101 \u013coti daudz atteikumus,\u201d st\u0101sta Stucka. \u201c\u0160aj\u0101 gad\u012bjum\u0101 m\u0113s run\u0101j\u0101m par finan\u0161u atbalstu ar da\u017e\u0101diem cilv\u0113kiem, un vienk\u0101r\u0161i M\u0101rim Spr\u016bdam nebija finan\u0161u l\u012bdzek\u013cu, cik es saprotu.\u201d<\/p>\n","protected":false},"excerpt":{"rendered":"Sarun\u0101 ar \u201cde facto\u201d V\u0101rpi\u0146\u0161, kur\u0161 jau piemin\u0113taj\u0101 krimin\u0101lliet\u0101 liet\u0101 aizst\u0101v naudas atmazg\u0101\u0161an\u0101 aps\u016bdz\u0113tu \u012arijas pilsoni, Spr\u016bda lomu&hellip;\n","protected":false},"author":2,"featured_media":18098,"comment_status":"","ping_status":"","sticky":false,"template":"","format":"standard","meta":{"footnotes":""},"categories":[12],"tags":[23,28,29,685,32,33,22,30,31,35,39,38,36,37,34,40,5930,20,26,27,6335,24,25,21],"class_list":{"0":"post-19400","1":"post","2":"type-post","3":"status-publish","4":"format-standard","5":"has-post-thumbnail","7":"category-latvija","8":"tag-aktualitates","9":"tag-breaking-news","10":"tag-breakingnews","11":"tag-de-facto","12":"tag-featured-news","13":"tag-featurednews","14":"tag-headlines","15":"tag-latest-news","16":"tag-latestnews","17":"tag-latvia","18":"tag-latvian","19":"tag-latviesu","20":"tag-latviesu-valoda","21":"tag-latviesuvaloda","22":"tag-latvija","23":"tag-lv","24":"tag-maris-spruds","25":"tag-news","26":"tag-popularakas-zinas","27":"tag-popularakaszinas","28":"tag-tiesiskums-lv","29":"tag-top-stories","30":"tag-topstories","31":"tag-zinas"},"share_on_mastodon":{"url":"","error":""},"_links":{"self":[{"href":"https:\/\/www.europesays.com\/lv\/wp-json\/wp\/v2\/posts\/19400","targetHints":{"allow":["GET"]}}],"collection":[{"href":"https:\/\/www.europesays.com\/lv\/wp-json\/wp\/v2\/posts"}],"about":[{"href":"https:\/\/www.europesays.com\/lv\/wp-json\/wp\/v2\/types\/post"}],"author":[{"embeddable":true,"href":"https:\/\/www.europesays.com\/lv\/wp-json\/wp\/v2\/users\/2"}],"replies":[{"embeddable":true,"href":"https:\/\/www.europesays.com\/lv\/wp-json\/wp\/v2\/comments?post=19400"}],"version-history":[{"count":0,"href":"https:\/\/www.europesays.com\/lv\/wp-json\/wp\/v2\/posts\/19400\/revisions"}],"wp:featuredmedia":[{"embeddable":true,"href":"https:\/\/www.europesays.com\/lv\/wp-json\/wp\/v2\/media\/18098"}],"wp:attachment":[{"href":"https:\/\/www.europesays.com\/lv\/wp-json\/wp\/v2\/media?parent=19400"}],"wp:term":[{"taxonomy":"category","embeddable":true,"href":"https:\/\/www.europesays.com\/lv\/wp-json\/wp\/v2\/categories?post=19400"},{"taxonomy":"post_tag","embeddable":true,"href":"https:\/\/www.europesays.com\/lv\/wp-json\/wp\/v2\/tags?post=19400"}],"curies":[{"name":"wp","href":"https:\/\/api.w.org\/{rel}","templated":true}]}}