{"id":19417,"date":"2025-10-12T18:35:14","date_gmt":"2025-10-12T18:35:14","guid":{"rendered":"https:\/\/www.europesays.com\/lv\/19417\/"},"modified":"2025-10-12T18:35:14","modified_gmt":"2025-10-12T18:35:14","slug":"zagars-atgriezas-fenerbahce-sastava-blumbergs-rezultativs-pret-savu-ieprieksejo-klubu","status":"publish","type":"post","link":"https:\/\/www.europesays.com\/lv\/19417\/","title":{"rendered":"\u017dagars atgrie\u017eas &#8220;Fenerbahce&#8221; sast\u0101v\u0101; Blumbergs rezultat\u012bvs pret savu iepriek\u0161\u0113jo klubu"},"content":{"rendered":"<p>&#8220;Fenerbahce&#8221; m\u0101j\u0101s ar 87:73 (27:15, 16:23, 22:12, 22:23) uzvar\u0113ja &#8220;Karsiyaka&#8221; basketbolistus.<\/p>\n<p>\u017dagaram \u0161\u012b bija pirm\u0101 sp\u0113le kop\u0161 septembra beig\u0101m, kad vi\u0146\u0161 Turcijas meistarsac\u012bk\u0161u ma\u010d\u0101 guva musku\u013cu traumu. \u017dagars n\u0101ca no soli\u0146a un laukum\u0101 pavad\u012bja 13 min\u016btes un 12 sekundes, realiz\u0113ja vienu no diviem t\u0101lmetieniem un visus tr\u012bs soda metienus, k\u0101 ar\u012b izpild\u012bja divus neprec\u012bzus divpunktu metienus. Vi\u0146a kont\u0101 bija ar\u012b viena atl\u0113kus\u012b bumba, viena rezultat\u012bva piesp\u0113le, viena p\u0101rtverta bumba, viena k\u013c\u016bda, tr\u012bs izprovoc\u0113ti noteikumu p\u0101rk\u0101pumi, pozit\u012bvs +\/- r\u0101d\u012bt\u0101js (+3) un pieci efektivit\u0101tes koeficienta punkti.<\/p>\n<p>&#8220;Fenerbahce&#8221; komand\u0101 rezultat\u012bv\u0101kais ar 16 punktiem bija Melihs Mahmutolu, bet pretiniekiem 17 punktus guva \u010c\u0101rlzs Menings.<\/p>\n<p>Cit\u0101 sp\u0113l\u0113 Roberts Blumbergs pret biju\u0161o komandu guva desmit punktus, kam\u0113r Izmiras &#8220;Petkim Spor&#8221; m\u0101j\u0101s ar 75:80 (21:20, 22:17, 22:24, 10:19) zaud\u0113ja Stambulas &#8220;Galatasaray&#8221;.<\/p>\n<p>Blumbergs 27 min\u016bt\u0113s un 45 sekund\u0113s realiz\u0113ja abus divus divpunktu metienus un divus no \u010detriem t\u0101lmetieniem, izc\u012bn\u012bja septi\u0146as atl\u0113ku\u0161\u0101s bumbas, \u010detrreiz k\u013c\u016bd\u012bj\u0101s, vienreiz p\u0101rk\u0101pa noteikumus, izprovoc\u0113ja vienu piez\u012bmi, tika pie otra lab\u0101k\u0101 +\/- r\u0101d\u012bt\u0101ja komand\u0101 (+3) un sakr\u0101ja 11 efektivit\u0101tes koeficienta punktus.<\/p>\n<p>Latvie\u0161a komand\u0101 ar 16 punktiem un septi\u0146\u0101m rezultat\u012bv\u0101m piesp\u0113l\u0113m atz\u012bm\u0113j\u0101s Deivids Tinslijs. Uzvar\u0113t\u0101jiem 21 punktu guva \u0112riks Makolums.<\/p>\n","protected":false},"excerpt":{"rendered":"&#8220;Fenerbahce&#8221; m\u0101j\u0101s ar 87:73 (27:15, 16:23, 22:12, 22:23) uzvar\u0113ja &#8220;Karsiyaka&#8221; basketbolistus. \u017dagaram \u0161\u012b bija pirm\u0101 sp\u0113le kop\u0161 septembra&hellip;\n","protected":false},"author":2,"featured_media":8056,"comment_status":"","ping_status":"","sticky":false,"template":"","format":"standard","meta":{"footnotes":""},"categories":[17],"tags":[1099,35,39,38,36,37,34,40,4341,67],"class_list":{"0":"post-19417","1":"post","2":"type-post","3":"status-publish","4":"format-standard","5":"has-post-thumbnail","7":"category-sports","8":"tag-arturs-zagars","9":"tag-latvia","10":"tag-latvian","11":"tag-latviesu","12":"tag-latviesu-valoda","13":"tag-latviesuvaloda","14":"tag-latvija","15":"tag-lv","16":"tag-rolands-smits","17":"tag-sports"},"share_on_mastodon":{"url":"","error":""},"_links":{"self":[{"href":"https:\/\/www.europesays.com\/lv\/wp-json\/wp\/v2\/posts\/19417","targetHints":{"allow":["GET"]}}],"collection":[{"href":"https:\/\/www.europesays.com\/lv\/wp-json\/wp\/v2\/posts"}],"about":[{"href":"https:\/\/www.europesays.com\/lv\/wp-json\/wp\/v2\/types\/post"}],"author":[{"embeddable":true,"href":"https:\/\/www.europesays.com\/lv\/wp-json\/wp\/v2\/users\/2"}],"replies":[{"embeddable":true,"href":"https:\/\/www.europesays.com\/lv\/wp-json\/wp\/v2\/comments?post=19417"}],"version-history":[{"count":0,"href":"https:\/\/www.europesays.com\/lv\/wp-json\/wp\/v2\/posts\/19417\/revisions"}],"wp:featuredmedia":[{"embeddable":true,"href":"https:\/\/www.europesays.com\/lv\/wp-json\/wp\/v2\/media\/8056"}],"wp:attachment":[{"href":"https:\/\/www.europesays.com\/lv\/wp-json\/wp\/v2\/media?parent=19417"}],"wp:term":[{"taxonomy":"category","embeddable":true,"href":"https:\/\/www.europesays.com\/lv\/wp-json\/wp\/v2\/categories?post=19417"},{"taxonomy":"post_tag","embeddable":true,"href":"https:\/\/www.europesays.com\/lv\/wp-json\/wp\/v2\/tags?post=19417"}],"curies":[{"name":"wp","href":"https:\/\/api.w.org\/{rel}","templated":true}]}}