{"id":19418,"date":"2025-10-12T18:38:08","date_gmt":"2025-10-12T18:38:08","guid":{"rendered":"https:\/\/www.europesays.com\/lv\/19418\/"},"modified":"2025-10-12T18:38:08","modified_gmt":"2025-10-12T18:38:08","slug":"de-facto-%e2%9f%a9-kapec-lemberga-kriminallieta-arzemes-esosa-manta-nav-aresteta","status":"publish","type":"post","link":"https:\/\/www.europesays.com\/lv\/19418\/","title":{"rendered":"DE FACTO \u27e9 K\u0101p\u0113c Lemberga krimin\u0101lliet\u0101 \u0101rzem\u0113s eso\u0161\u0101 mant\u0101 nav arest\u0113ta?"},"content":{"rendered":"<p>J\u0101atz\u012bm\u0113, ka R\u012bgas apgabaltiesa bija t\u0101, kas pirms pieciem gadiem s\u0101ka interes\u0113ties par mantas st\u0101vokli, bet izv\u0113l\u0113j\u0101s citu pieeju. Tiesa lika Meroni glab\u0101to mantu nodot valstij, un v\u0113l\u0101k pamudin\u0101ja pret vi\u0146u s\u0101kt izmekl\u0113\u0161anu par l\u0113muma nepild\u012b\u0161anu.<\/p>\n<p>\u201cde facto\u201d ieg\u016btaj\u0101 policijas l\u0113mum\u0101 par krimin\u0101lprocesa izbeig\u0161anu detaliz\u0113ti aprakst\u012bta sarakste starp Meroni, Nodro\u0161in\u0101juma valsts a\u0123ent\u016bru un tiesu. S\u0101kum\u0101 Meroni s\u016bdz\u0113j\u0101s, ka vi\u0146am s\u016bta v\u0113stules latviski un angliski, v\u0113l\u0101k pauda, ka aresta orderis nemaz \u0101rzem\u0113s nav atz\u012bts, ka akt\u012bvi atrodas uz\u0146\u0113mumos, ne pie vi\u0146a. Piekrita parakst\u012bt nodo\u0161anas protokolu, bet ne fiziski mantu atdot, jo t\u0101 vi\u0146am neesot nodota. Nodro\u0161in\u0101juma valsts a\u0123ent\u016bra uzskat\u012bja, ka \u0161\u0101da form\u0101la nodo\u0161ana neko neatrisin\u0101tu, turkl\u0101t a\u0123ent\u016brai tr\u016bku\u0161as pilnvaras kapit\u0101lda\u013cu p\u0101rvald\u012b\u0161an\u0101.<\/p>\n<p>Policija uzskat\u012bja, ka ne Meroni, ne a\u0123ent\u016bra, neizpildot tiesas uzdevumu, nek\u0101du noziegumu nav pastr\u0101d\u0101ju\u0161as.<\/p>\n<p>J\u0101atz\u012bm\u0113 gan, ka Lemberga krimin\u0101llietas materi\u0101los netr\u016bkst pier\u0101d\u012bjumu tam, ka Lembergu \u0123imenei, iesp\u0113jams, sl\u0113pti piedero\u0161\u0101 manta faktiski ir Meroni p\u0101rvald\u012bb\u0101. Policijas l\u0113mum\u0101, piem\u0113ram, ir atsauce uz Meroni pa\u0161a 2019. gad\u0101 rakst\u012btu iesniegumu par arest\u0113t\u0101s mantas st\u0101vokli: \u201cLai uzraudz\u012btu attiec\u012bg\u0101s uz\u0146\u0113m\u0113jsabiedr\u012bbas, vi\u0146\u0161 [Meroni] ir nodro\u0161in\u0101jis sevis, k\u0101 ar\u012b savu uztic\u012bbas personu iev\u0113l\u0113\u0161anu vair\u0101ku Latvijas holdinga komp\u0101niju padom\u0113s, kas ir to \u0101rvalstu komercsabiedr\u012bbu kontrol\u0113, kuras vada vi\u0146\u0161.\u201d<\/p>\n<p>Nesaist\u012bti ar mantisko jaut\u0101jumu risin\u0101\u0161anu Lemberga liet\u0101, Latvij\u0101 joproj\u0101m nav izveidota skaidra k\u0101rt\u012bba arest\u0113tu kapit\u0101lda\u013cu p\u0101rvald\u012bbai. Pirms gada bija m\u0113\u0123in\u0101jums steig\u0161us pie\u0146emt izmai\u0146as likum\u0101, ta\u010du pied\u0101v\u0101jums sask\u0101r\u0101s ar advok\u0101tu un uz\u0146\u0113m\u0113ju iebild\u0113m.<\/p>\n<p>\u201cVisi saprot, ka probl\u0113ma ir, bet Saeimas deput\u0101ti nevar uzrakst\u012bt t\u0101das kvalit\u0101tes regul\u0113jumu, kas visiem b\u016btu pie\u0146emams, un diem\u017e\u0113l es redzu, ka ar\u012b Tieslietu ministrija, aicinot ekspertus, nevar to probl\u0113mu atrisin\u0101t. M\u0113s l\u012bdz \u0161im nesa\u0146\u0113m\u0101m t\u0101du pied\u0101v\u0101jumu, kam b\u016btu atbalsts,\u201d teic Saeimas Juridisk\u0101s komisijas priek\u0161s\u0113d\u0113t\u0101js Andrejs Judins (JV).<\/p>\n<p>Tieslietu ministrij\u0101 atbild, ka pied\u0101v\u0101jums ir izstr\u0101d\u0101ts, bet tiek mekl\u0113ta iest\u0101de, kas n\u0101kotn\u0113 var\u0113tu arest\u0113tas kapit\u0101lda\u013cas p\u0101rvald\u012bt. Esot uzrun\u0101ts gan \u201cPossessor\u201d, gan Nodro\u0161in\u0101juma valsts a\u0123ent\u016bra.<\/p>\n","protected":false},"excerpt":{"rendered":"J\u0101atz\u012bm\u0113, ka R\u012bgas apgabaltiesa bija t\u0101, kas pirms pieciem gadiem s\u0101ka interes\u0113ties par mantas st\u0101vokli, bet izv\u0113l\u0113j\u0101s citu&hellip;\n","protected":false},"author":2,"featured_media":19419,"comment_status":"","ping_status":"","sticky":false,"template":"","format":"standard","meta":{"footnotes":""},"categories":[12],"tags":[3146,23,28,29,32,33,22,30,31,35,39,38,36,37,34,6340,40,20,26,27,6339,24,25,21],"class_list":{"0":"post-19418","1":"post","2":"type-post","3":"status-publish","4":"format-standard","5":"has-post-thumbnail","7":"category-latvija","8":"tag-aivars-lembergs","9":"tag-aktualitates","10":"tag-breaking-news","11":"tag-breakingnews","12":"tag-featured-news","13":"tag-featurednews","14":"tag-headlines","15":"tag-latest-news","16":"tag-latestnews","17":"tag-latvia","18":"tag-latvian","19":"tag-latviesu","20":"tag-latviesu-valoda","21":"tag-latviesuvaloda","22":"tag-latvija","23":"tag-lemberga-kriminallieta","24":"tag-lv","25":"tag-news","26":"tag-popularakas-zinas","27":"tag-popularakaszinas","28":"tag-rudolfs-meroni","29":"tag-top-stories","30":"tag-topstories","31":"tag-zinas"},"share_on_mastodon":{"url":"","error":""},"_links":{"self":[{"href":"https:\/\/www.europesays.com\/lv\/wp-json\/wp\/v2\/posts\/19418","targetHints":{"allow":["GET"]}}],"collection":[{"href":"https:\/\/www.europesays.com\/lv\/wp-json\/wp\/v2\/posts"}],"about":[{"href":"https:\/\/www.europesays.com\/lv\/wp-json\/wp\/v2\/types\/post"}],"author":[{"embeddable":true,"href":"https:\/\/www.europesays.com\/lv\/wp-json\/wp\/v2\/users\/2"}],"replies":[{"embeddable":true,"href":"https:\/\/www.europesays.com\/lv\/wp-json\/wp\/v2\/comments?post=19418"}],"version-history":[{"count":0,"href":"https:\/\/www.europesays.com\/lv\/wp-json\/wp\/v2\/posts\/19418\/revisions"}],"wp:featuredmedia":[{"embeddable":true,"href":"https:\/\/www.europesays.com\/lv\/wp-json\/wp\/v2\/media\/19419"}],"wp:attachment":[{"href":"https:\/\/www.europesays.com\/lv\/wp-json\/wp\/v2\/media?parent=19418"}],"wp:term":[{"taxonomy":"category","embeddable":true,"href":"https:\/\/www.europesays.com\/lv\/wp-json\/wp\/v2\/categories?post=19418"},{"taxonomy":"post_tag","embeddable":true,"href":"https:\/\/www.europesays.com\/lv\/wp-json\/wp\/v2\/tags?post=19418"}],"curies":[{"name":"wp","href":"https:\/\/api.w.org\/{rel}","templated":true}]}}