{"id":19432,"date":"2025-10-12T19:14:09","date_gmt":"2025-10-12T19:14:09","guid":{"rendered":"https:\/\/www.europesays.com\/lv\/19432\/"},"modified":"2025-10-12T19:14:09","modified_gmt":"2025-10-12T19:14:09","slug":"de-facto-%e2%9f%a9-nmpd-teste-solo-brigades-un-iedzivotaju-reagetaju-tiklu","status":"publish","type":"post","link":"https:\/\/www.europesays.com\/lv\/19432\/","title":{"rendered":"DE FACTO \u27e9 NMPD test\u0113 solo brig\u0101des un iedz\u012bvot\u0101ju rea\u0123\u0113t\u0101ju t\u012bklu"},"content":{"rendered":"<p>\u0160obr\u012bd izm\u0113\u0123ina t\u0101 saucamos gaid\u012b\u0161anas punktus. Proti, brig\u0101des de\u017eur\u0113 automa\u0161\u012bn\u0101s, bez past\u0101v\u012bg\u0101m telp\u0101m. Izm\u0113\u0123in\u0101jums R\u012bg\u0101 un Daugavpil\u012b liecina, ka \u0161\u0101di uz notikumu medi\u0137iem ir izdevies atbraukt daudz \u0101tr\u0101k \u2013 vid\u0113ji 7 min\u016bt\u0113s, bie\u017ei \u2013 pat 2 min\u016bt\u0113s.<\/p>\n<p>Ta\u010du dienests v\u0113las \u012bstenot v\u0113l vair\u0101kas novatoriskas idejas. \u201cM\u0113s esam gatavi aiziet no t\u0101da konservat\u012bva mode\u013ca, kas faktiski bija mantots no padomju laikiem un k\u0101ds mums bija iepriek\u0161 \u2013 \u0161oferis un divi \u0101rsti baltos hal\u0101tos. N\u0113, m\u0113s ejam no t\u0101 prom. M\u0113s ejam Eiropas virzien\u0101,\u201d sac\u012bja <a href=\"https:\/\/www.tvnet.lv\/term\/555550\/nmpd\" class=\"topicLink\" target=\"_blank\" rel=\"nofollow noopener\">NMPD<\/a> direktore Liene Cipule. Nupat dienests s\u0101ka pilotprojektu: uz zemas priorit\u0101tes izsaukumiem dodas tikai viena cilv\u0113ka neatliekam\u0101s pal\u012bdz\u012bbas brig\u0101de. Pagaid\u0101m par secin\u0101jumiem spriest p\u0101ragri.<\/p>\n<p>Pl\u0101nos ir v\u0113l viens jaunin\u0101jums \u2013 pirm\u0101 rea\u0123\u0113t\u0101ja t\u012bkls. Ideju skaidro NMPD vad\u012bt\u0101ja: \u201c\u013boti att\u0101l\u0101 re\u0123ion\u0101, \u0146emsim jebkuru ciemu Latvij\u0101, tur nevis de\u017eur\u0113 pilnv\u0113rt\u012bga liel\u0101 brig\u0101de, bet \u0161is cilv\u0113ks.<\/p>\n<p>Tas var b\u016bt \u0123imenes \u0101rsts. Tas var b\u016bt viet\u0113jais iedz\u012bvot\u0101js, kas ir speci\u0101li apm\u0101c\u012bts. Sa\u0146emot izsaukumu no \u0161\u012bs att\u0101l\u0101s vietas, kam\u0113r brig\u0101de dodas pie cietu\u0161\u0101, vi\u0146\u0161 pirmais, jo vi\u0146\u0161 ir vistuv\u0101k, dodas un sniedz pirmo pal\u012bdz\u012bbu, sa\u0146emot uz viedpulksteni inform\u0101ciju, ka tuvum\u0101 ir \u0161\u0101ds izsaukums.\u201d Pagaid\u0101m \u0161\u012b ir tikai iecere. K\u0101 t\u0101 str\u0101d\u0101s praks\u0113, nav zin\u0101ms. Tiek pie\u013cauts, ka \u0161ie rea\u0123\u0113t\u0101ji darbotos p\u0113c br\u012bvpr\u0101t\u012bbas principa.<\/p>\n<p>Kopum\u0101 \u0161obr\u012bd dienesta sp\u0113ju stiprin\u0101\u0161anai t\u0101 vad\u012bt\u0101ja neredz vajadz\u012bbu p\u0113c papildu finans\u0113juma. Ar\u012b Vesel\u012bbas ministrij\u0101 uzskata, ka kop\u0113jais izsaukumu skaits l\u012bdz ar slimn\u012bcu t\u012bkla reformu nemain\u012bsies, t\u0101p\u0113c \u0161obr\u012bd resursu palielin\u0101jumu NMPD nepl\u0101no.<\/p>\n","protected":false},"excerpt":{"rendered":"\u0160obr\u012bd izm\u0113\u0123ina t\u0101 saucamos gaid\u012b\u0161anas punktus. Proti, brig\u0101des de\u017eur\u0113 automa\u0161\u012bn\u0101s, bez past\u0101v\u012bg\u0101m telp\u0101m. Izm\u0113\u0123in\u0101jums R\u012bg\u0101 un Daugavpil\u012b liecina,&hellip;\n","protected":false},"author":2,"featured_media":19433,"comment_status":"","ping_status":"","sticky":false,"template":"","format":"standard","meta":{"footnotes":""},"categories":[12],"tags":[23,6346,28,29,685,32,33,22,30,31,35,39,38,36,37,34,40,187,20,3938,26,27,24,25,21],"class_list":{"0":"post-19432","1":"post","2":"type-post","3":"status-publish","4":"format-standard","5":"has-post-thumbnail","7":"category-latvija","8":"tag-aktualitates","9":"tag-atra-palidziba","10":"tag-breaking-news","11":"tag-breakingnews","12":"tag-de-facto","13":"tag-featured-news","14":"tag-featurednews","15":"tag-headlines","16":"tag-latest-news","17":"tag-latestnews","18":"tag-latvia","19":"tag-latvian","20":"tag-latviesu","21":"tag-latviesu-valoda","22":"tag-latviesuvaloda","23":"tag-latvija","24":"tag-lv","25":"tag-neatliekamas-mediciniskas-palidzibas-dienests","26":"tag-news","27":"tag-nmpd","28":"tag-popularakas-zinas","29":"tag-popularakaszinas","30":"tag-top-stories","31":"tag-topstories","32":"tag-zinas"},"share_on_mastodon":{"url":"","error":""},"_links":{"self":[{"href":"https:\/\/www.europesays.com\/lv\/wp-json\/wp\/v2\/posts\/19432","targetHints":{"allow":["GET"]}}],"collection":[{"href":"https:\/\/www.europesays.com\/lv\/wp-json\/wp\/v2\/posts"}],"about":[{"href":"https:\/\/www.europesays.com\/lv\/wp-json\/wp\/v2\/types\/post"}],"author":[{"embeddable":true,"href":"https:\/\/www.europesays.com\/lv\/wp-json\/wp\/v2\/users\/2"}],"replies":[{"embeddable":true,"href":"https:\/\/www.europesays.com\/lv\/wp-json\/wp\/v2\/comments?post=19432"}],"version-history":[{"count":0,"href":"https:\/\/www.europesays.com\/lv\/wp-json\/wp\/v2\/posts\/19432\/revisions"}],"wp:featuredmedia":[{"embeddable":true,"href":"https:\/\/www.europesays.com\/lv\/wp-json\/wp\/v2\/media\/19433"}],"wp:attachment":[{"href":"https:\/\/www.europesays.com\/lv\/wp-json\/wp\/v2\/media?parent=19432"}],"wp:term":[{"taxonomy":"category","embeddable":true,"href":"https:\/\/www.europesays.com\/lv\/wp-json\/wp\/v2\/categories?post=19432"},{"taxonomy":"post_tag","embeddable":true,"href":"https:\/\/www.europesays.com\/lv\/wp-json\/wp\/v2\/tags?post=19432"}],"curies":[{"name":"wp","href":"https:\/\/api.w.org\/{rel}","templated":true}]}}