{"id":19438,"date":"2025-10-12T19:20:03","date_gmt":"2025-10-12T19:20:03","guid":{"rendered":"https:\/\/www.europesays.com\/lv\/19438\/"},"modified":"2025-10-12T19:20:03","modified_gmt":"2025-10-12T19:20:03","slug":"vairaki-tiesiskums-lv-dibinataji-parsteigti-par-spruda-saistibu-ar-oik-atgusanas-ieceri","status":"publish","type":"post","link":"https:\/\/www.europesays.com\/lv\/19438\/","title":{"rendered":"Vair\u0101ki &#8220;Tiesiskums.lv&#8221; dibin\u0101t\u0101ji p\u0101rsteigti par Spr\u016bda saist\u012bbu ar OIK atg\u016b\u0161anas ieceri"},"content":{"rendered":"<p>Divi no TAB dibin\u0101t\u0101jiem ir aizst\u0101vji citiem aps\u016bdz\u0113tajiem \u0161obr\u012bd ties\u0101 izskat\u0101maj\u0101 Spr\u016bda liet\u0101. Piem\u0113ram, Kaminska, kura ar\u012b apgalvo, ka par biju\u0161\u0101 administratora iesaisti \u201cTiesiskums.lv\u201d iniciat\u012bv\u0101 neko nezinot: \u201cMan nav t\u0101das inform\u0101cijas nek\u0101d\u0101 gad\u012bjum\u0101. Ja man t\u0101da inform\u0101cija b\u016btu, kaut vai \u0146emot v\u0113r\u0101 to apst\u0101kli, ka es ar\u012b esmu iesaist\u012bta \u0161aj\u0101 konkr\u0113taj\u0101 liet\u0101, es noteikti nepiedal\u012btos t\u0101d\u0101 gad\u012bjum\u0101. (..) N\u0113, Spr\u016bda kungs mani nav uzrun\u0101jis.\u201d Uz jaut\u0101jumu, vai kol\u0113\u0123u vid\u0113 nav dzird\u0113jusi versiju, ka Spr\u016bds b\u016btu aicin\u0101jis k\u0101dus advok\u0101tus, Kaminska atbild: \u201cZiniet, es esmu, k\u0101 lai pasaka, diezgan individu\u0101la persona, un es nejaut\u0101ju kol\u0113\u0123iem, ko vi\u0146i ir vai nav dzird\u0113ju\u0161i.\u201d Pla\u0161i koment\u0113t norises ap \u201cTiesiskums.lv\u201d Kaminska nev\u0113las, jo iesaist\u012bto advok\u0101tu r\u012bc\u012bbu \u0161obr\u012bd v\u0113rt\u0113 LZAP \u0112tikas komisija.<\/p>\n<p>Tikm\u0113r pats Spr\u016bds sarun\u0101 ar \u201cde facto\u201d vispirms gan pas\u016bkst\u012bjies, ka tiekot vaj\u0101ts k\u0101 konservat\u012bvo v\u0113rt\u012bbu aizst\u0101vis, galu gal\u0101 apstiprin\u0101ja savu saist\u012bbu ar \u201cTiesiskums.lv\u201d ieceri. Vi\u0146\u0161 apgalvo, ka nevis pats esot uzrun\u0101jis un apstaig\u0101jis juristus, st\u0101stot par iniciat\u012bvu veidot \u0161\u0101du biedr\u012bbu, bet gan \u201ctie\u0161i otr\u0101d\u0101k\u201d: \u201cEs esmu ticis uzrun\u0101ts, lai piedal\u012btos \u0161aj\u0101 projekt\u0101.\u201d<\/p>\n<p>\u201cNepiedalos. Person\u012bgi nepiedalos,\u201d saka Spr\u016bds par savu dal\u012bbu biedr\u012bb\u0101s. Tom\u0113r atk\u0101rtoti uzjaut\u0101ts par savu saikni, vi\u0146\u0161 kl\u0101sta: \u201cEs paz\u012bstu vienu no cilv\u0113kiem, kas finans\u0113 \u0161o projektu. (..) K\u0101 j\u016bs dom\u0101jat, rekl\u0101mas, viss, kas iet internet\u0101, izmaks\u0101 l\u0113ti? (..) Es zinu, ka kol\u0113\u0123i ir run\u0101ju\u0161i par \u0161o jaut\u0101jumu, un es esmu devis vi\u0146iem idejas, ka \u0161ie cilv\u0113ki var\u0113tu b\u016bt idejiskie atbalst\u012bt\u0101ji j\u016bsu biedr\u012bbai. Tas bija tas, kas mums ir bijusi saruna ar cilv\u0113kiem par \u0161o t\u0113mu. Tad, kad man finans\u0113t\u0101js pras\u012bja jaut\u0101jumu, ko, kur\u0161 v\u0113l var\u0113tu b\u016bt no juristiem iesaist\u012bts, tad es ar\u012b ieteicu atsevi\u0161\u0137u juristus, kuri var\u0113tu b\u016bt, piedal\u012bties taj\u0101 biedr\u012bb\u0101.\u201d<\/p>\n","protected":false},"excerpt":{"rendered":"Divi no TAB dibin\u0101t\u0101jiem ir aizst\u0101vji citiem aps\u016bdz\u0113tajiem \u0161obr\u012bd ties\u0101 izskat\u0101maj\u0101 Spr\u016bda liet\u0101. Piem\u0113ram, Kaminska, kura ar\u012b apgalvo,&hellip;\n","protected":false},"author":2,"featured_media":18098,"comment_status":"","ping_status":"","sticky":false,"template":"","format":"standard","meta":{"footnotes":""},"categories":[12],"tags":[23,28,29,32,33,22,30,31,35,39,38,36,37,34,40,5930,20,3040,26,27,6335,24,25,21],"class_list":{"0":"post-19438","1":"post","2":"type-post","3":"status-publish","4":"format-standard","5":"has-post-thumbnail","7":"category-latvija","8":"tag-aktualitates","9":"tag-breaking-news","10":"tag-breakingnews","11":"tag-featured-news","12":"tag-featurednews","13":"tag-headlines","14":"tag-latest-news","15":"tag-latestnews","16":"tag-latvia","17":"tag-latvian","18":"tag-latviesu","19":"tag-latviesu-valoda","20":"tag-latviesuvaloda","21":"tag-latvija","22":"tag-lv","23":"tag-maris-spruds","24":"tag-news","25":"tag-oik","26":"tag-popularakas-zinas","27":"tag-popularakaszinas","28":"tag-tiesiskums-lv","29":"tag-top-stories","30":"tag-topstories","31":"tag-zinas"},"share_on_mastodon":{"url":"","error":""},"_links":{"self":[{"href":"https:\/\/www.europesays.com\/lv\/wp-json\/wp\/v2\/posts\/19438","targetHints":{"allow":["GET"]}}],"collection":[{"href":"https:\/\/www.europesays.com\/lv\/wp-json\/wp\/v2\/posts"}],"about":[{"href":"https:\/\/www.europesays.com\/lv\/wp-json\/wp\/v2\/types\/post"}],"author":[{"embeddable":true,"href":"https:\/\/www.europesays.com\/lv\/wp-json\/wp\/v2\/users\/2"}],"replies":[{"embeddable":true,"href":"https:\/\/www.europesays.com\/lv\/wp-json\/wp\/v2\/comments?post=19438"}],"version-history":[{"count":0,"href":"https:\/\/www.europesays.com\/lv\/wp-json\/wp\/v2\/posts\/19438\/revisions"}],"wp:featuredmedia":[{"embeddable":true,"href":"https:\/\/www.europesays.com\/lv\/wp-json\/wp\/v2\/media\/18098"}],"wp:attachment":[{"href":"https:\/\/www.europesays.com\/lv\/wp-json\/wp\/v2\/media?parent=19438"}],"wp:term":[{"taxonomy":"category","embeddable":true,"href":"https:\/\/www.europesays.com\/lv\/wp-json\/wp\/v2\/categories?post=19438"},{"taxonomy":"post_tag","embeddable":true,"href":"https:\/\/www.europesays.com\/lv\/wp-json\/wp\/v2\/tags?post=19438"}],"curies":[{"name":"wp","href":"https:\/\/api.w.org\/{rel}","templated":true}]}}