{"id":194542,"date":"2026-05-04T18:28:07","date_gmt":"2026-05-04T18:28:07","guid":{"rendered":"https:\/\/www.europesays.com\/lv\/194542\/"},"modified":"2026-05-04T18:28:07","modified_gmt":"2026-05-04T18:28:07","slug":"kremlis-izzino-vienpuseju-pamieru-ar-ukrainu-un-piedraud-ar-rakesu-triecieniem-kijivai","status":"publish","type":"post","link":"https:\/\/www.europesays.com\/lv\/194542\/","title":{"rendered":"Kremlis izzi\u0146o vienpus\u0113ju pamieru ar Ukrainu un piedraud ar ra\u0137e\u0161u triecieniem Kijivai"},"content":{"rendered":"<p>&#8220;M\u0113s ceram, ka Ukrainas puse r\u012bkosies t\u0101pat,&#8221; pazi\u0146oja Aizsardz\u012bbas ministrija.<\/p>\n<p>Vienlaikus ministrija piedraud\u0113ja ar ra\u0137e\u0161u triecieniem Kijivai, ja Ukraina izjauks t\u0101 d\u0113v\u0113t\u0101s Uzvaras dienas svin\u012bbas.<\/p>\n<p>Krievijas Aizsardz\u012bbas ministrija pazi\u0146ojusi, ka 9. maija par\u0101d\u0113 Sarkanaj\u0101 laukum\u0101 nepiedal\u012bsies neviena milit\u0101r\u0101s tehnikas kolonna. Kremlis pazi\u0146oja, ka par\u0101de notiks &#8220;sa\u012bsin\u0101t\u0101 form\u0101t\u0101&#8221; Ukrainas &#8220;terorisma draudu&#8221; d\u0113\u013c.<\/p>\n<p>Ar 9. maija par\u0101di Maskav\u0101 tiek atz\u012bm\u0113ta t\u0101 d\u0113v\u0113t\u0101 Uzvaras diena, pieminot nacistisk\u0101s V\u0101cijas sak\u0101vi.<\/p>\n","protected":false},"excerpt":{"rendered":"&#8220;M\u0113s ceram, ka Ukrainas puse r\u012bkosies t\u0101pat,&#8221; pazi\u0146oja Aizsardz\u012bbas ministrija. Vienlaikus ministrija piedraud\u0113ja ar ra\u0137e\u0161u triecieniem Kijivai, ja&hellip;\n","protected":false},"author":2,"featured_media":194543,"comment_status":"","ping_status":"","sticky":false,"template":"","format":"standard","meta":{"footnotes":"","_share_on_mastodon":"0"},"categories":[14],"tags":[34690,23,57,28,29,32,33,22,234,30,31,35,39,38,36,37,34,40,20,26,27,24,25,54,55,56,21,58],"class_list":["post-194542","post","type-post","status-publish","format-standard","has-post-thumbnail","category-zinas-no-arvalstim","tag-9-maijs","tag-aktualitates","tag-arvalstim","tag-breaking-news","tag-breakingnews","tag-featured-news","tag-featurednews","tag-headlines","tag-krievija","tag-latest-news","tag-latestnews","tag-latvia","tag-latvian","tag-latviesu","tag-latviesu-valoda","tag-latviesuvaloda","tag-latvija","tag-lv","tag-news","tag-popularakas-zinas","tag-popularakaszinas","tag-top-stories","tag-topstories","tag-world","tag-world-news","tag-worldnews","tag-zinas","tag-zinas-no-arvalstim"],"share_on_mastodon":{"url":"https:\/\/pubeurope.com\/@lv\/116517726060975080","error":""},"_links":{"self":[{"href":"https:\/\/www.europesays.com\/lv\/wp-json\/wp\/v2\/posts\/194542","targetHints":{"allow":["GET"]}}],"collection":[{"href":"https:\/\/www.europesays.com\/lv\/wp-json\/wp\/v2\/posts"}],"about":[{"href":"https:\/\/www.europesays.com\/lv\/wp-json\/wp\/v2\/types\/post"}],"author":[{"embeddable":true,"href":"https:\/\/www.europesays.com\/lv\/wp-json\/wp\/v2\/users\/2"}],"replies":[{"embeddable":true,"href":"https:\/\/www.europesays.com\/lv\/wp-json\/wp\/v2\/comments?post=194542"}],"version-history":[{"count":0,"href":"https:\/\/www.europesays.com\/lv\/wp-json\/wp\/v2\/posts\/194542\/revisions"}],"wp:featuredmedia":[{"embeddable":true,"href":"https:\/\/www.europesays.com\/lv\/wp-json\/wp\/v2\/media\/194543"}],"wp:attachment":[{"href":"https:\/\/www.europesays.com\/lv\/wp-json\/wp\/v2\/media?parent=194542"}],"wp:term":[{"taxonomy":"category","embeddable":true,"href":"https:\/\/www.europesays.com\/lv\/wp-json\/wp\/v2\/categories?post=194542"},{"taxonomy":"post_tag","embeddable":true,"href":"https:\/\/www.europesays.com\/lv\/wp-json\/wp\/v2\/tags?post=194542"}],"curies":[{"name":"wp","href":"https:\/\/api.w.org\/{rel}","templated":true}]}}