{"id":19455,"date":"2025-10-12T19:44:21","date_gmt":"2025-10-12T19:44:21","guid":{"rendered":"https:\/\/www.europesays.com\/lv\/19455\/"},"modified":"2025-10-12T19:44:21","modified_gmt":"2025-10-12T19:44:21","slug":"vins-bija-divains-bet-mils-un-gadigs-kas-bija-nekrofila-un-slepkavnieka-eda-geina-milota","status":"publish","type":"post","link":"https:\/\/www.europesays.com\/lv\/19455\/","title":{"rendered":"&#8220;Vi\u0146\u0161 bija d\u012bvains, bet m\u012b\u013c\u0161 un g\u0101d\u012bgs.&#8221; Kas bija nekrofila un slepkavnieka Eda Geina m\u012b\u013cot\u0101?"},"content":{"rendered":"<p>1957. gad\u0101 klus\u0101 zemnieku saimniec\u012bb\u0101 Pleinf\u012bld\u0101, Viskonsin\u0101 policija atkl\u0101ja pekles ainas, bet taj\u0101 pa\u0161\u0101 laik\u0101 laikrakstos par\u0101d\u012bj\u0101s k\u0101da Adel\u012bna Vatkinsa, kas apgalvoja, ka reiz vi\u0146u bildin\u0101jis <a href=\"https:\/\/www.tvnet.lv\/term\/601908\/slepkava\" class=\"topicLink\" target=\"_blank\" rel=\"nofollow noopener\">slepkava<\/a>, kur\u0161 v\u0113l\u0101k iedvesmoja t\u0101das \u0161ausmu filmas k\u0101 &#8220;J\u0113ru klus\u0113\u0161ana&#8221;, &#8220;Psiho&#8221; un &#8220;Motorz\u0101\u0123a slakti\u0146\u0161 Teksas\u0101&#8221;. Kas bija \u0161\u012b sieviete, un kas notika, kad pasaules sabiedr\u012bbas acis piev\u0113rs\u0101s vi\u0146ai?<\/p>\n","protected":false},"excerpt":{"rendered":"1957. gad\u0101 klus\u0101 zemnieku saimniec\u012bb\u0101 Pleinf\u012bld\u0101, Viskonsin\u0101 policija atkl\u0101ja pekles ainas, bet taj\u0101 pa\u0161\u0101 laik\u0101 laikrakstos par\u0101d\u012bj\u0101s k\u0101da&hellip;\n","protected":false},"author":2,"featured_media":19456,"comment_status":"","ping_status":"","sticky":false,"template":"","format":"standard","meta":{"footnotes":""},"categories":[14],"tags":[23,57,292,28,29,32,33,22,30,31,35,39,38,36,37,34,40,20,6351,295,26,27,6349,24,25,297,293,6350,54,55,56,21,58],"class_list":{"0":"post-19455","1":"post","2":"type-post","3":"status-publish","4":"format-standard","5":"has-post-thumbnail","7":"category-zinas-no-arvalstim","8":"tag-aktualitates","9":"tag-arvalstim","10":"tag-asv","11":"tag-breaking-news","12":"tag-breakingnews","13":"tag-featured-news","14":"tag-featurednews","15":"tag-headlines","16":"tag-latest-news","17":"tag-latestnews","18":"tag-latvia","19":"tag-latvian","20":"tag-latviesu","21":"tag-latviesu-valoda","22":"tag-latviesuvaloda","23":"tag-latvija","24":"tag-lv","25":"tag-news","26":"tag-noziegumi","27":"tag-noziegums","28":"tag-popularakas-zinas","29":"tag-popularakaszinas","30":"tag-slepkava","31":"tag-top-stories","32":"tag-topstories","33":"tag-tvnet-planeta","34":"tag-vesture","35":"tag-vestures-miklas","36":"tag-world","37":"tag-world-news","38":"tag-worldnews","39":"tag-zinas","40":"tag-zinas-no-arvalstim"},"share_on_mastodon":{"url":"","error":""},"_links":{"self":[{"href":"https:\/\/www.europesays.com\/lv\/wp-json\/wp\/v2\/posts\/19455","targetHints":{"allow":["GET"]}}],"collection":[{"href":"https:\/\/www.europesays.com\/lv\/wp-json\/wp\/v2\/posts"}],"about":[{"href":"https:\/\/www.europesays.com\/lv\/wp-json\/wp\/v2\/types\/post"}],"author":[{"embeddable":true,"href":"https:\/\/www.europesays.com\/lv\/wp-json\/wp\/v2\/users\/2"}],"replies":[{"embeddable":true,"href":"https:\/\/www.europesays.com\/lv\/wp-json\/wp\/v2\/comments?post=19455"}],"version-history":[{"count":0,"href":"https:\/\/www.europesays.com\/lv\/wp-json\/wp\/v2\/posts\/19455\/revisions"}],"wp:featuredmedia":[{"embeddable":true,"href":"https:\/\/www.europesays.com\/lv\/wp-json\/wp\/v2\/media\/19456"}],"wp:attachment":[{"href":"https:\/\/www.europesays.com\/lv\/wp-json\/wp\/v2\/media?parent=19455"}],"wp:term":[{"taxonomy":"category","embeddable":true,"href":"https:\/\/www.europesays.com\/lv\/wp-json\/wp\/v2\/categories?post=19455"},{"taxonomy":"post_tag","embeddable":true,"href":"https:\/\/www.europesays.com\/lv\/wp-json\/wp\/v2\/tags?post=19455"}],"curies":[{"name":"wp","href":"https:\/\/api.w.org\/{rel}","templated":true}]}}