{"id":19457,"date":"2025-10-12T19:46:15","date_gmt":"2025-10-12T19:46:15","guid":{"rendered":"https:\/\/www.europesays.com\/lv\/19457\/"},"modified":"2025-10-12T19:46:15","modified_gmt":"2025-10-12T19:46:15","slug":"nobela-instituta-direktors-divainas-likmes-pirms-laureata-izzinosanas-saista-ar-spiegosanu","status":"publish","type":"post","link":"https:\/\/www.europesays.com\/lv\/19457\/","title":{"rendered":"Nobela instit\u016bta direktors d\u012bvain\u0101s likmes pirms laure\u0101ta izzi\u0146o\u0161anas saista ar spiego\u0161anu"},"content":{"rendered":"<p>Norv\u0113\u0123ijas Nobela instit\u016bta direktors Kristians Bergs Harpvikens uzskata, ka iemesls aizdom\u012bgaj\u0101m der\u012bb\u0101m pirms Nobela miera pr\u0113mijas pie\u0161\u0137ir\u0161anas bija spiego\u0161ana. To Harpvikens teica Norv\u0113\u0123ijas telev\u012bzijas kan\u0101lam TV2.<\/p>\n<p>P\u0113c aizdom\u012bgo der\u012bbu likmju izdar\u012b\u0161anas tika spekul\u0113ts par inform\u0101cijas nopl\u016bdi instit\u016bt\u0101. Harpvikens savuk\u0101rt teica, ka ir p\u0101r\u0101k agri izdar\u012bt secin\u0101jumus, bet, visticam\u0101k, runa ir par spiego\u0161anu. Vi\u0146\u0161 neatkl\u0101ja, kas tie\u0161i var\u0113tu b\u016bt aiz \u0161\u012bm darb\u012bb\u0101m. Ta\u010du nav nosl\u0113pums, ka vi\u0146a instit\u016bts ir k\u013cuvis par spiego\u0161anas m\u0113r\u0137i.<\/p>\n<p>Augstas likmes tie\u0161i uz Ma\u010dado kandidat\u016bru<\/p>\n<p>L\u012bdz pat piektdienas naktij der\u012bbu platform\u0101 Polymarket par favor\u012bti tika uzskat\u012bta J\u016blija Navalnaja, biju\u0161\u0101 Krievijas opoz\u012bcijas l\u012bdera Alekseja Nava\u013cnija atraitne.<\/p>\n<p>Norv\u0113\u0123ijas laikraksti \u201eAftenposten\u201d un \u201eFinansavisen\u201d v\u0113st\u012bja, ka ap pulksten vieniem nakt\u012b p\u0113k\u0161\u0146i pieauga varb\u016bt\u012bba, ka Nobela pr\u0113miju sa\u0146ems v\u0113l\u0101k\u0101 laure\u0101te, venecu\u0113liete Marija Korina Ma\u010dado. P\u0113c tam uz Ma\u010dado tika liktas vair\u0101kas piecu ciparu naudas summas ASV dol\u0101ros.<\/p>\n<p>Saska\u0146\u0101 ar to k\u0101da persona esot likusi 67 820 dol\u0101rus (aptuveni 58 500 eiro) uz v\u0113l\u0101ko balvas laure\u0101ti \u2013 sav\u0101 pirmaj\u0101 likm\u0113 \u0161aj\u0101 platform\u0101. Mediji v\u0113sta, ka Norv\u0113\u0123ijas Nobela instit\u016bts s\u0101cis izmekl\u0113\u0161anu saist\u012bb\u0101 ar \u0161\u012bm aizdom\u012bgaj\u0101m der\u012bb\u0101m.<\/p>\n","protected":false},"excerpt":{"rendered":"Norv\u0113\u0123ijas Nobela instit\u016bta direktors Kristians Bergs Harpvikens uzskata, ka iemesls aizdom\u012bgaj\u0101m der\u012bb\u0101m pirms Nobela miera pr\u0113mijas pie\u0161\u0137ir\u0161anas bija&hellip;\n","protected":false},"author":2,"featured_media":19458,"comment_status":"","ping_status":"","sticky":false,"template":"","format":"standard","meta":{"footnotes":""},"categories":[5],"tags":[23,28,29,32,33,22,30,31,35,39,38,36,37,34,40,20,4988,1419,26,27,24,25,21],"class_list":{"0":"post-19457","1":"post","2":"type-post","3":"status-publish","4":"format-standard","5":"has-post-thumbnail","7":"category-aktualitates","8":"tag-aktualitates","9":"tag-breaking-news","10":"tag-breakingnews","11":"tag-featured-news","12":"tag-featurednews","13":"tag-headlines","14":"tag-latest-news","15":"tag-latestnews","16":"tag-latvia","17":"tag-latvian","18":"tag-latviesu","19":"tag-latviesu-valoda","20":"tag-latviesuvaloda","21":"tag-latvija","22":"tag-lv","23":"tag-news","24":"tag-nobela-premija","25":"tag-norvegija","26":"tag-popularakas-zinas","27":"tag-popularakaszinas","28":"tag-top-stories","29":"tag-topstories","30":"tag-zinas"},"share_on_mastodon":{"url":"","error":""},"_links":{"self":[{"href":"https:\/\/www.europesays.com\/lv\/wp-json\/wp\/v2\/posts\/19457","targetHints":{"allow":["GET"]}}],"collection":[{"href":"https:\/\/www.europesays.com\/lv\/wp-json\/wp\/v2\/posts"}],"about":[{"href":"https:\/\/www.europesays.com\/lv\/wp-json\/wp\/v2\/types\/post"}],"author":[{"embeddable":true,"href":"https:\/\/www.europesays.com\/lv\/wp-json\/wp\/v2\/users\/2"}],"replies":[{"embeddable":true,"href":"https:\/\/www.europesays.com\/lv\/wp-json\/wp\/v2\/comments?post=19457"}],"version-history":[{"count":0,"href":"https:\/\/www.europesays.com\/lv\/wp-json\/wp\/v2\/posts\/19457\/revisions"}],"wp:featuredmedia":[{"embeddable":true,"href":"https:\/\/www.europesays.com\/lv\/wp-json\/wp\/v2\/media\/19458"}],"wp:attachment":[{"href":"https:\/\/www.europesays.com\/lv\/wp-json\/wp\/v2\/media?parent=19457"}],"wp:term":[{"taxonomy":"category","embeddable":true,"href":"https:\/\/www.europesays.com\/lv\/wp-json\/wp\/v2\/categories?post=19457"},{"taxonomy":"post_tag","embeddable":true,"href":"https:\/\/www.europesays.com\/lv\/wp-json\/wp\/v2\/tags?post=19457"}],"curies":[{"name":"wp","href":"https:\/\/api.w.org\/{rel}","templated":true}]}}