{"id":19469,"date":"2025-10-12T20:12:08","date_gmt":"2025-10-12T20:12:08","guid":{"rendered":"https:\/\/www.europesays.com\/lv\/19469\/"},"modified":"2025-10-12T20:12:08","modified_gmt":"2025-10-12T20:12:08","slug":"cehijas-ekstraliga-uzvara-par-savu-bijuso-komandu-vartus-gust-dzierkals","status":"publish","type":"post","link":"https:\/\/www.europesays.com\/lv\/19469\/","title":{"rendered":"\u010cehijas ekstral\u012bg\u0101 uzvar\u0101 p\u0101r savu biju\u0161o komandu v\u0101rtus g\u016bst Dzierkals"},"content":{"rendered":"<p>Pr\u0101gas komanda sav\u0101 laukum\u0101 ar 4:2 (2:1, 1:0, 1:1) uzvar\u0113ja \u010ceske Budejovices &#8220;Motor&#8221;, kuru Dzierkals p\u0101rst\u0101v\u0113ja 2022.\/2023. gada sezon\u0101.<\/p>\n<p>Latvietis guva m\u0101jinieku otros v\u0101rtus pirm\u0101s tre\u0161da\u013cas vid\u016b. Vi\u0146\u0161 kop\u0101 uz ledus bija desmit min\u016btes un 44 sekundes, kuru laik\u0101 izpild\u012bja tr\u012bs metienus pa v\u0101rtiem un iekr\u0101ja pozit\u012bvu lietder\u012bbas koeficientu +1.<\/p>\n<p>Cit\u0101 ma\u010d\u0101 Miks Indra\u0161is un &#8220;Mlada Boleslav&#8221; m\u0101j\u0101s ar 2:1 (0:0, 1:0, 0:1, 0:0, 1:0) p\u0113csp\u0113les metienu s\u0113rij\u0101 uzvar\u0113ja Kladno &#8220;Rytirzi&#8221;, Ralfa Freiberga p\u0101rst\u0101v\u0113t\u0101 V\u012btkovices &#8220;Ridera&#8221; sav\u0101 laukum\u0101 ar 3:0 (1:0, 1:0, 1:0) p\u0101rsp\u0113ja Karlovi Varu &#8220;Energie&#8221;, kuras rind\u0101s sp\u0113l\u0113 J\u0101nis Jaks, Roberts Mam\u010dics un Haralds Egle, Kristaps Z\u012ble un Liberecas &#8220;Bili Tygri&#8221; viesos ar 1:0 (0:0, 1:0, 0:0) guva pan\u0101kumu p\u0101r Plze\u0146as &#8220;\u0160koda&#8221;, Oskara Bat\u0146as p\u0101rst\u0101v\u0113t\u0101 Hradeckr\u0101lovas &#8220;Mountfield&#8221; m\u0101j\u0101s ar 2:1 (0:1, 0:0, 1:0, 1:0) pagarin\u0101jum\u0101 uzvar\u0113ja Pardubices &#8220;Dinamo&#8221;, bet Ren\u0101rs Krastenbergs un &#8220;Olomouc&#8221; m\u0101j\u0101s ar 3:5 (1:3, 1:1, 1:1) zaud\u0113ja Tri\u0146ecas &#8220;Ocel\u0101r\u017ei&#8221;.<\/p>\n<p>Augst\u0101ko vietu no latvie\u0161u p\u0101rst\u0101v\u0113tajiem klubiem turn\u012bra tabul\u0101 ie\u0146em savainot\u0101 aizsarga Kristi\u0101na Rub\u012bna p\u0101rst\u0101v\u0113t\u0101 Plze\u0146as &#8220;\u0160koda&#8221;, kas atrodas tre\u0161aj\u0101 poz\u012bcij\u0101.<\/p>\n<p>Iepriek\u0161\u0113j\u0101 sezon\u0101 par \u010dempioni k\u013cuva Brno &#8220;Kometa&#8221; komanda.<\/p>\n","protected":false},"excerpt":{"rendered":"Pr\u0101gas komanda sav\u0101 laukum\u0101 ar 4:2 (2:1, 1:0, 1:1) uzvar\u0113ja \u010ceske Budejovices &#8220;Motor&#8221;, kuru Dzierkals p\u0101rst\u0101v\u0113ja 2022.\/2023. gada&hellip;\n","protected":false},"author":2,"featured_media":19470,"comment_status":"","ping_status":"","sticky":false,"template":"","format":"standard","meta":{"footnotes":""},"categories":[17],"tags":[2561,394,35,39,38,36,37,34,40,6355,67],"class_list":{"0":"post-19469","1":"post","2":"type-post","3":"status-publish","4":"format-standard","5":"has-post-thumbnail","7":"category-sports","8":"tag-cehija","9":"tag-hokejs","10":"tag-latvia","11":"tag-latvian","12":"tag-latviesu","13":"tag-latviesu-valoda","14":"tag-latviesuvaloda","15":"tag-latvija","16":"tag-lv","17":"tag-martins-dzierkals","18":"tag-sports"},"share_on_mastodon":{"url":"","error":""},"_links":{"self":[{"href":"https:\/\/www.europesays.com\/lv\/wp-json\/wp\/v2\/posts\/19469","targetHints":{"allow":["GET"]}}],"collection":[{"href":"https:\/\/www.europesays.com\/lv\/wp-json\/wp\/v2\/posts"}],"about":[{"href":"https:\/\/www.europesays.com\/lv\/wp-json\/wp\/v2\/types\/post"}],"author":[{"embeddable":true,"href":"https:\/\/www.europesays.com\/lv\/wp-json\/wp\/v2\/users\/2"}],"replies":[{"embeddable":true,"href":"https:\/\/www.europesays.com\/lv\/wp-json\/wp\/v2\/comments?post=19469"}],"version-history":[{"count":0,"href":"https:\/\/www.europesays.com\/lv\/wp-json\/wp\/v2\/posts\/19469\/revisions"}],"wp:featuredmedia":[{"embeddable":true,"href":"https:\/\/www.europesays.com\/lv\/wp-json\/wp\/v2\/media\/19470"}],"wp:attachment":[{"href":"https:\/\/www.europesays.com\/lv\/wp-json\/wp\/v2\/media?parent=19469"}],"wp:term":[{"taxonomy":"category","embeddable":true,"href":"https:\/\/www.europesays.com\/lv\/wp-json\/wp\/v2\/categories?post=19469"},{"taxonomy":"post_tag","embeddable":true,"href":"https:\/\/www.europesays.com\/lv\/wp-json\/wp\/v2\/tags?post=19469"}],"curies":[{"name":"wp","href":"https:\/\/api.w.org\/{rel}","templated":true}]}}