{"id":19471,"date":"2025-10-12T20:23:07","date_gmt":"2025-10-12T20:23:07","guid":{"rendered":"https:\/\/www.europesays.com\/lv\/19471\/"},"modified":"2025-10-12T20:23:07","modified_gmt":"2025-10-12T20:23:07","slug":"lienei-greifanei-40-jubileja-amerika-sirdi-silda-prieks-par-jauno-dzivi-tacu-sap-ilgas-pec-dela-lente-lv","status":"publish","type":"post","link":"https:\/\/www.europesays.com\/lv\/19471\/","title":{"rendered":"Lienei Greif\u0101nei 40. jubilej\u0101 Amerik\u0101 sirdi silda prieks par jauno dz\u012bvi, ta\u010du s\u0101p ilgas p\u0113c d\u0113la\u00a0\u2014\u00a0Lente.lv"},"content":{"rendered":"<p>Liene Greif\u0101ne atz\u012bm\u0113 40. jubileju Amerik\u0101 ar skumju pieska\u0146u<\/p>\n<p>Nesen dzied\u0101t\u0101ja Liene Greif\u0101ne ASV atz\u012bm\u0113ja savu 40. dzim\u0161anas dienu. Lai gan dz\u012bve Amerik\u0101, Tenes\u012b \u0161tat\u0101, Ne\u0161vil\u0101, kop\u0101 ar v\u012bru amerik\u0101ni Maiku Pensu un jaun\u0101ko d\u0113lu Leo rit veiksm\u012bgi, sv\u0113tku br\u012bd\u012b vi\u0146as sird\u012b mita skumjas. K\u0101 atkl\u0101jusi pati Liene izdevumam &#8220;Priv\u0101t\u0101 Dz\u012bve&#8221;, vi\u0146ai visvair\u0101k pietr\u016bkst vec\u0101k\u0101 d\u0113la Kristofera, kur\u0161 \u0161obr\u012bd dz\u012bvo Latvij\u0101. \u0160is fakts pie\u0161\u0137ir dz\u012bvei zin\u0101mu emocion\u0101lo smagumu, jo att\u0101lums starp m\u0101ti un d\u0113lu ir j\u016btams. Dzied\u0101t\u0101ja cer, ka izdosies apskaut Kristoferu ap Ziemassv\u0113tku laiku, kad vi\u0146am b\u016bs br\u012bvdienas un b\u016bs iesp\u0113ja ce\u013cot uz Ameriku.<\/p>\n<p>\u0122imenes dinamika un ilgas p\u0113c d\u0113la<\/p>\n<p>Liene ir tr\u012bs d\u0113lu m\u0101te. Vec\u0101kais d\u0113ls Sebastians jau ir pilngad\u012bgs un svin\u012bb\u0101s piedal\u012bj\u0101s savu draugu lok\u0101. Vid\u0113jais d\u0113ls Kristofers, kura m\u0101te un biju\u0161ais v\u012brs Igors Greif\u0101ns pirms desmit gadiem \u0161\u0137\u012bra savu laul\u012bbu, palicis dz\u012bvot Latvij\u0101 pie t\u0113va. P\u0113c laul\u012bbas \u0161\u0137ir\u0161anas Liene ar jaun\u0101ko d\u0113lu Leo p\u0101rc\u0113l\u0101s uz dz\u012bvi Amerik\u0101. Lai gan vi\u0146u att\u0101lums ir liels, Liene neatmet cer\u012bbu dr\u012bzum\u0101 satikt Kristoferu. \u0160\u012b situ\u0101cija rada neizb\u0113gamu emocion\u0101lu smagumu, jo m\u0101tes un d\u0113la kop\u0101 b\u016b\u0161anas laiks ir ierobe\u017eots.<\/p>\n<p>Jaun\u0101 dz\u012bve Amerik\u0101 un person\u012bg\u0101 transform\u0101cija<\/p>\n<p>Neskatoties uz ilgo\u0161anos p\u0113c d\u0113la, Lienes dz\u012bve Amerik\u0101 ir piepild\u012bta ar jaun\u0101m iesp\u0113j\u0101m. Vi\u0146a ir laim\u012bga kop\u0101 ar savu v\u012bru Maiku Pensu, kur\u0161 akt\u012bvi cen\u0161as vi\u0146u iepriecin\u0101t. Sarun\u0101 ar &#8220;Priv\u0101to Dz\u012bvi&#8221; Liene atkl\u0101jusi, ka dz\u012bvojot Amerik\u0101, vi\u0146a k\u013cuvusi v\u0113l sievi\u0161\u0137\u012bg\u0101ka un slaid\u0101ka. Vi\u0146a uzsver, ka patiesa laime, satic\u012bba un miers ar sevi atspogu\u013cojas ar\u012b \u0101r\u0113j\u0101 izskat\u0101. Liene atceras, ka tad, kad vi\u0146a bija nelaim\u012bga un dz\u012bvoja stres\u0101, vi\u0146a izskat\u012bj\u0101s vec\u0101ka un bija pie\u0146\u0113musies svar\u0101 par 12 kilogramiem. Tagad, kad vi\u0146a ir atradusi mieru sird\u012b un satikusi cilv\u0113ku, kur\u0161 vi\u0146u patiesi m\u012bl, vi\u0146as dz\u012bve ir main\u012bjusies uz labo pusi.<\/p>\n<p>Iepriek\u0161\u0113j\u0101s attiec\u012bbas un p\u0101rcel\u0161an\u0101s uz ASV<\/p>\n<p>Lienes iepriek\u0161\u0113j\u0101 laul\u012bba ar Igoru Greif\u0101nu ilga vair\u0101k nek\u0101 desmit gadus, ta\u010du p\u0113rn t\u0101 tika \u0161\u0137irta. P\u0113c \u0161\u0137ir\u0161an\u0101s Liene nol\u0113ma doties uz Ameriku, kur jau ilgu laiku dz\u012bvo vi\u0146as vec\u0101kais d\u0113ls. Vi\u0146as p\u0101rcel\u0161an\u0101s uz ASV notika kop\u0101 ar jaun\u0101ko d\u0113lu Leo. Igors Greif\u0101ns, biju\u0161ais v\u012brs, piepras\u012bjis, lai vi\u0146u kop\u012bgais d\u0113ls Kristofers paliek dz\u012bvot pie vi\u0146a Latvij\u0101. Tas rad\u012bjis situ\u0101ciju, kur\u0101 Liene savu d\u0113lu Kristoferu var redz\u0113t tikai reti, piem\u0113ram, ap Ziemassv\u0113tku laiku.<\/p>\n<p>Cer\u012bbas uz n\u0101kotni un \u0123imenes sai\u0161u stiprin\u0101\u0161anu<\/p>\n<p>Neskatoties uz fizisko distanci, Liene Greif\u0101ne neatmet cer\u012bbu dr\u012bzum\u0101 satikt savu d\u0113lu Kristoferu. Vi\u0146as dz\u012bve Amerik\u0101 ir pilna ar jaun\u0101m iesp\u0113j\u0101m un p\u0101rmai\u0146\u0101m, ta\u010du \u0123imenes saikne, \u012bpa\u0161i ar b\u0113rniem, paliek vissvar\u012bg\u0101k\u0101. Vi\u0146a pl\u0101no n\u0101kamgad apciemot dzimteni un par\u0101d\u012bt Latvijas skaistumu savam v\u012bram. Lai gan p\u0101rmai\u0146as dz\u012bv\u0113 ir neizb\u0113gamas, Liene cen\u0161as saglab\u0101t pozit\u012bvu skat\u012bjumu un stiprin\u0101t savas \u0123imenes saites, neskatoties uz att\u0101lumu.<\/p>\n","protected":false},"excerpt":{"rendered":"Liene Greif\u0101ne atz\u012bm\u0113 40. jubileju Amerik\u0101 ar skumju pieska\u0146u Nesen dzied\u0101t\u0101ja Liene Greif\u0101ne ASV atz\u012bm\u0113ja savu 40. dzim\u0161anas&hellip;\n","protected":false},"author":2,"featured_media":19472,"comment_status":"","ping_status":"","sticky":false,"template":"","format":"standard","meta":{"footnotes":""},"categories":[19],"tags":[5626,89,984,90,2916,35,39,6356,38,36,37,34,5534,40],"class_list":{"0":"post-19471","1":"post","2":"type-post","3":"status-publish","4":"format-standard","5":"has-post-thumbnail","7":"category-izklaide","8":"tag-dzimsanas-diena","9":"tag-entertainment","10":"tag-gimene","11":"tag-izklaide","12":"tag-jubileja","13":"tag-latvia","14":"tag-latvian","15":"tag-latviesi-amerika","16":"tag-latviesu","17":"tag-latviesu-valoda","18":"tag-latviesuvaloda","19":"tag-latvija","20":"tag-liene-greifane","21":"tag-lv"},"share_on_mastodon":{"url":"","error":""},"_links":{"self":[{"href":"https:\/\/www.europesays.com\/lv\/wp-json\/wp\/v2\/posts\/19471","targetHints":{"allow":["GET"]}}],"collection":[{"href":"https:\/\/www.europesays.com\/lv\/wp-json\/wp\/v2\/posts"}],"about":[{"href":"https:\/\/www.europesays.com\/lv\/wp-json\/wp\/v2\/types\/post"}],"author":[{"embeddable":true,"href":"https:\/\/www.europesays.com\/lv\/wp-json\/wp\/v2\/users\/2"}],"replies":[{"embeddable":true,"href":"https:\/\/www.europesays.com\/lv\/wp-json\/wp\/v2\/comments?post=19471"}],"version-history":[{"count":0,"href":"https:\/\/www.europesays.com\/lv\/wp-json\/wp\/v2\/posts\/19471\/revisions"}],"wp:featuredmedia":[{"embeddable":true,"href":"https:\/\/www.europesays.com\/lv\/wp-json\/wp\/v2\/media\/19472"}],"wp:attachment":[{"href":"https:\/\/www.europesays.com\/lv\/wp-json\/wp\/v2\/media?parent=19471"}],"wp:term":[{"taxonomy":"category","embeddable":true,"href":"https:\/\/www.europesays.com\/lv\/wp-json\/wp\/v2\/categories?post=19471"},{"taxonomy":"post_tag","embeddable":true,"href":"https:\/\/www.europesays.com\/lv\/wp-json\/wp\/v2\/tags?post=19471"}],"curies":[{"name":"wp","href":"https:\/\/api.w.org\/{rel}","templated":true}]}}