{"id":19489,"date":"2025-10-12T21:00:19","date_gmt":"2025-10-12T21:00:19","guid":{"rendered":"https:\/\/www.europesays.com\/lv\/19489\/"},"modified":"2025-10-12T21:00:19","modified_gmt":"2025-10-12T21:00:19","slug":"ttt-riga-starts-fiba-eirokausa-sezonu-ar-zaudejumu-pret-crvena-zvezda-lente-lv","status":"publish","type":"post","link":"https:\/\/www.europesays.com\/lv\/19489\/","title":{"rendered":"TTT R\u012bga starts FIBA Eirokausa sezonu ar zaud\u0113jumu pret &#8220;Crvena Zvezda&#8221;\u00a0\u2014\u00a0Lente.lv"},"content":{"rendered":"<p>TTT R\u012bga Starts FIBA Eirokausa Sezonu Ar Spraigu C\u012b\u0146u Pret Grupas Favor\u012bti<\/p>\n<p>Latvijas sievie\u0161u basketbola klubs &#8220;TTT R\u012bga&#8221; aizvad\u012bjis savu pirmo sp\u0113li FIBA Eirokausa sezon\u0101, piedz\u012bvojot zaud\u0113jumu pret grupas favor\u012bti Belgradas &#8220;Crvena Zvezda&#8221;. Sp\u0113le, kas notika 9. oktobr\u012b, beidz\u0101s ar rezult\u0101tu 66:82 par labu viesu komandai, lai gan &#8220;TTT R\u012bga&#8221; puslaiku nosl\u0113dza neiz\u0161\u0137irti 35:35.<\/p>\n<p>Sp\u0113les Gaita: Sol\u012bd\u0101 Pirm\u0101 Puslaika Un Gr\u016bts Otrais Puslaiks<\/p>\n<p>Pirm\u0101s 20 min\u016btes r\u012bdziniec\u0113m izdev\u0101s aizvad\u012bt l\u012bdzv\u0113rt\u012bgi ar pretinieci, demonstr\u0113jot stabilu sniegumu gan uzbrukum\u0101, gan aizsardz\u012bb\u0101. Abas komandas p\u0101rtraukum\u0101 dev\u0101s pie neiz\u0161\u0137irta rezult\u0101ta 35:35, kas liecin\u0101ja par s\u012bvu c\u012b\u0146u laukum\u0101. Tom\u0113r tre\u0161\u0101 ceturtda\u013ca iez\u012bm\u0113ja pagrieziena punktu sp\u0113l\u0113. Serbiete &#8220;Crvena Zvezda&#8221; veica izr\u0101vienu, ieg\u016bstot 12 punktu p\u0101rsvaru, ko sp\u0113ja notur\u0113t l\u012bdz pat sp\u0113les beig\u0101m. \u0160is mirklis izr\u0101d\u012bj\u0101s iz\u0161\u0137iro\u0161ais, un Latvijas \u010dempionei neizdev\u0101s atsp\u0113l\u0113ties.<\/p>\n<p>Rezultat\u012bv\u0101k\u0101s Sp\u0113l\u0113t\u0101jas Un Individu\u0101lais Sniedziens<\/p>\n<p>Individu\u0101li komandas rind\u0101s visspilgt\u0101k izc\u0113l\u0101s Naja Bekere, kura guva 24 punktus un izc\u012bn\u012bja devi\u0146as atl\u0113ku\u0161\u0101s bumbas. Vi\u0146as sniegums bija noz\u012bm\u012bgs, ta\u010du nepietiekams, lai nodro\u0161in\u0101tu uzvaru. Vanesa Jasa pievienoja 11 punktus, savuk\u0101rt pieredz\u0113jus\u012b Ieva Pulvere guva asto\u0146us punktus. Pretinie\u010du sast\u0101v\u0101 veiksm\u012bg\u0101k\u0101 bija Dils\u012b Fankama ar iespaid\u012bgiem 23 punktiem, 14 atl\u0113ku\u0161aj\u0101m bumb\u0101m un \u010detr\u0101m rezultat\u012bv\u0101m piesp\u0113l\u0113m, demonstr\u0113jot savu l\u012bderes potenci\u0101lu.<\/p>\n<p>Turpm\u0101kais Grafiks Un Grupas Izredzes<\/p>\n<p>FIBA Eirokausa sezona ir tikai s\u0101kusies, un &#8220;TTT R\u012bga&#8221; v\u0113l priek\u0161\u0101 gaid\u0101mas vair\u0101kas svar\u012bgas sp\u0113les. N\u0101kamais ma\u010ds paredz\u0113ts 16. oktobr\u012b, kad r\u012bdzinieces viesosies pie Stambulas &#8220;Emlak Konut&#8221;. T\u0101l\u0101k sekos m\u0101jas sp\u0113le pret Z\u0101rlu\u012b &#8220;Royals&#8221; 23. oktobr\u012b. Turn\u012bra turpin\u0101jum\u0101 pl\u0101notas ar\u012b sp\u0113les pret &#8220;Crvena Zvezda&#8221; izbraukum\u0101, k\u0101 ar\u012b atk\u0101rtotas tik\u0161an\u0101s reizes ar &#8220;Emlak Konut&#8221; un &#8220;Royals&#8221; m\u0101j\u0101s un izbraukum\u0101. \u0160aj\u0101 sezon\u0101 &#8220;TTT R\u012bga&#8221; E grup\u0101 par pretiniec\u0113m v\u0113l k\u013cuva ar\u012b &#8220;Emlak Konut&#8221; un &#8220;Royals&#8221;, ta\u010du no Eirol\u012bgas kvalifik\u0101cijas par ceturto komandu k\u013cuva &#8220;Crvena Zvezda&#8221;. Sacens\u012bbu form\u0101ts paredz, ka no 48 komand\u0101m pamatturn\u012br\u0101, kur\u0101s piedal\u0101s 12 grupas pa \u010detr\u0101m vien\u012bb\u0101m, izsl\u0113g\u0161anas sp\u0113l\u0113m kvalific\u0113sies katras grupas divas lab\u0101k\u0101s komandas un \u010detras lab\u0101k\u0101s tre\u0161o vietu ieguv\u0113jas. T\u0101m pievienosies \u010detras komandas, kas izkritu\u0161as no Eirol\u012bgas. &#8220;TTT R\u012bga&#8221; iepriek\u0161\u0113j\u0101 sezon\u0101 sav\u0101 grup\u0101 uzvar\u0113ja tikai vien\u0101 sp\u0113l\u0113 un nekvalific\u0113j\u0101s izsl\u0113g\u0161anas sp\u0113l\u0113m, t\u0101p\u0113c \u0161\u012bs sezonas starts ir noz\u012bm\u012bgs solis ce\u013c\u0101 uz uzlabotu sniegumu.<\/p>\n<p>Komandas Gatav\u012bba Un Jaunpien\u0101c\u0113jas<\/p>\n<p>Pirms sezonas s\u0101kuma &#8220;TTT R\u012bga&#8221; sast\u0101vu papildin\u0101ja divas \u0101rzemju basketbolistes \u2013 kan\u0101diete Naja Bekere un d\u0101niete L\u0113na Svanholma. Treneris Aigars Nerips nor\u0101d\u012bjis, ka vi\u0146as veiksm\u012bgi aizpild\u012bju\u0161as nepiecie\u0161am\u0101s poz\u012bcijas, kur viet\u0113jo sp\u0113l\u0113t\u0101ju vid\u016b bijis ierobe\u017eots pied\u0101v\u0101jums. L\u012bdz\u0101s jaunajiem talantiem komand\u0101 joproj\u0101m sp\u0113l\u0113 pieredz\u0113ju\u0161\u0101s Ieva Pulvere un Karl\u012bna P\u012bl\u0101bere, k\u0101 ar\u012b jaun\u0101 l\u012bdere Vanesa Jasa. \u0160\u0101ds sast\u0101vs dod optimismu par komandas sp\u0113j\u0101m demonstr\u0113t konkur\u0113tsp\u0113j\u012bgu sniegumu Eiropas ar\u0113n\u0101, pat neskatoties uz to, ka &#8220;TTT R\u012bga&#8221; netiek uzskat\u012bta par apak\u0161grupas favor\u012bt\u0113m. Galvenais treneris Aigars Nerips uzsver, ka svar\u012bg\u0101kais b\u016bs koncentr\u0113ties uz savu sp\u0113li un taktiku, nevis piel\u0101goties pretiniec\u0113m, pat pret sp\u0113c\u012bgu pretinieku k\u0101 &#8220;Crvena Zvezda&#8221;.<\/p>\n<p>Latvijas Basketbola Klubs Eiropas Skatuves Atgrie\u017eas<\/p>\n<p>FIBA Eirokauss ir otrais presti\u017e\u0101kais sievie\u0161u basketbola klubu turn\u012brs Eirop\u0101, un &#8220;TTT R\u012bga&#8221; dal\u012bba taj\u0101 ir apliecin\u0101jums kluba centieniem nostiprin\u0101ties Eiropas klubu basketbola aprit\u0113. Lai gan pirmais ma\u010ds nosl\u0113dz\u0101s ar zaud\u0113jumu, tas ir tikai s\u0101kums garajam turn\u012bram, un komandai ir visas iesp\u0113jas demonstr\u0113t savu potenci\u0101lu un c\u012bn\u012bties par augst\u0101k\u0101m viet\u0101m. Sporta l\u012bdzjut\u0113jiem Latvij\u0101 ir cer\u012bba redz\u0113t aizraujo\u0161as sp\u0113les un pan\u0101kumus no &#8220;TTT R\u012bga&#8221; gan nacion\u0101laj\u0101, gan starptautiskaj\u0101 l\u012bmen\u012b.<\/p>\n","protected":false},"excerpt":{"rendered":"TTT R\u012bga Starts FIBA Eirokausa Sezonu Ar Spraigu C\u012b\u0146u Pret Grupas Favor\u012bti Latvijas sievie\u0161u basketbola klubs &#8220;TTT R\u012bga&#8221;&hellip;\n","protected":false},"author":2,"featured_media":19490,"comment_status":"","ping_status":"","sticky":false,"template":"","format":"standard","meta":{"footnotes":""},"categories":[17],"tags":[145,6110,6303,35,39,38,36,37,34,40,2152,67,2150],"class_list":{"0":"post-19489","1":"post","2":"type-post","3":"status-publish","4":"format-standard","5":"has-post-thumbnail","7":"category-sports","8":"tag-basketbols","9":"tag-crvena-zvezda","10":"tag-fiba-eirokauss","11":"tag-latvia","12":"tag-latvian","13":"tag-latviesu","14":"tag-latviesu-valoda","15":"tag-latviesuvaloda","16":"tag-latvija","17":"tag-lv","18":"tag-sieviesu-basketbols","19":"tag-sports","20":"tag-ttt-riga"},"share_on_mastodon":{"url":"","error":""},"_links":{"self":[{"href":"https:\/\/www.europesays.com\/lv\/wp-json\/wp\/v2\/posts\/19489","targetHints":{"allow":["GET"]}}],"collection":[{"href":"https:\/\/www.europesays.com\/lv\/wp-json\/wp\/v2\/posts"}],"about":[{"href":"https:\/\/www.europesays.com\/lv\/wp-json\/wp\/v2\/types\/post"}],"author":[{"embeddable":true,"href":"https:\/\/www.europesays.com\/lv\/wp-json\/wp\/v2\/users\/2"}],"replies":[{"embeddable":true,"href":"https:\/\/www.europesays.com\/lv\/wp-json\/wp\/v2\/comments?post=19489"}],"version-history":[{"count":0,"href":"https:\/\/www.europesays.com\/lv\/wp-json\/wp\/v2\/posts\/19489\/revisions"}],"wp:featuredmedia":[{"embeddable":true,"href":"https:\/\/www.europesays.com\/lv\/wp-json\/wp\/v2\/media\/19490"}],"wp:attachment":[{"href":"https:\/\/www.europesays.com\/lv\/wp-json\/wp\/v2\/media?parent=19489"}],"wp:term":[{"taxonomy":"category","embeddable":true,"href":"https:\/\/www.europesays.com\/lv\/wp-json\/wp\/v2\/categories?post=19489"},{"taxonomy":"post_tag","embeddable":true,"href":"https:\/\/www.europesays.com\/lv\/wp-json\/wp\/v2\/tags?post=19489"}],"curies":[{"name":"wp","href":"https:\/\/api.w.org\/{rel}","templated":true}]}}