{"id":19501,"date":"2025-10-12T21:11:06","date_gmt":"2025-10-12T21:11:06","guid":{"rendered":"https:\/\/www.europesays.com\/lv\/19501\/"},"modified":"2025-10-12T21:11:06","modified_gmt":"2025-10-12T21:11:06","slug":"portugalu-fado-talants-diana-vilarinu-uzstasies-vef-kulturas-pili-lente-lv","status":"publish","type":"post","link":"https:\/\/www.europesays.com\/lv\/19501\/","title":{"rendered":"Portug\u0101\u013cu fado talants Di\u0101na Vilari\u0146u uzst\u0101sies VEF Kult\u016bras pil\u012b\u00a0\u2014\u00a0Lente.lv"},"content":{"rendered":"<p>Portug\u0101\u013cu fado jaun\u0101 balss Latvij\u0101<\/p>\n<p>14. oktobr\u012b VEF Kult\u016bras pil\u012b klaus\u012bt\u0101jiem b\u016bs iesp\u0113ja baud\u012bt \u012bpa\u0161u muzik\u0101lu pieredzi \u2013 uz skatuves k\u0101ps viena no spilgt\u0101kaj\u0101m un daudzsolo\u0161\u0101kaj\u0101m m\u016bsdienu Portug\u0101les fado m\u0101ksliniec\u0113m, Di\u0101na Vilari\u0146u. Vi\u0146as uzst\u0101\u0161an\u0101s sol\u0101s b\u016bt neaizmirstams vakars, kur\u0101 tradicion\u0101l\u0101 fado m\u016bzika satiksies ar jaunatkl\u0101tu talantu.<\/p>\n<p>Di\u0101na Vilari\u0146u, kura s\u0101kusi dzied\u0101t jau septi\u0146u gadu vecum\u0101, ir k\u013cuvusi par Portug\u0101les fado ainas noz\u012bm\u012bgu jaun\u0101s paaudzes p\u0101rst\u0101vi. Vi\u0146a jau devi\u0146u gadu vecum\u0101 piev\u0113rs\u0101s fado, \u017eanram, kas bie\u017ei vien tiek asoci\u0113ts ar dzi\u013c\u0101m emocij\u0101m, m\u012blest\u012bbu, zaud\u0113jumiem un likteni. Savas karjeras laik\u0101 Di\u0101na ir ieguvusi atzin\u012bbu par savu unik\u0101lo interpret\u0101ciju un sp\u0113c\u012bgo vok\u0101lu, sp\u0113jot iznest uz skatuves gan fado tradicion\u0101lo melanholiju, gan ar\u012b m\u016bsdienu aktualit\u0101tes. Vi\u0146as pirmais albums, kas izdots 2021. gad\u0101, ir guvis pla\u0161u atzin\u012bbu un apliecina vi\u0146as talantu, ko apliecina ar\u012b sadarb\u012bba ar t\u0101diem m\u0101ksliniekiem k\u0101 Rikardu Ribeiru un Karm\u012bnu.<\/p>\n<p>Fado: Portug\u0101les dv\u0113seles m\u016bzika<\/p>\n<p>Fado, kas tulkojum\u0101 no portug\u0101\u013cu valodas noz\u012bm\u0113 \u201cliktenis\u201d, ir m\u016bzikas \u017eanrs, kas radies Lisabonas str\u0101dnieku \u0161\u0137iras rajonos 19. gadsimt\u0101. Tas raksturojas ar dzi\u013ci emocion\u0101liem, bie\u017ei vien skumjiem un ilgu pilniem dziesmu tekstiem, kas atspogu\u013co dz\u012bves gr\u016bt\u012bbas, m\u012blest\u012bbu, nostal\u0123iju un saudadi \u2013 \u012bpa\u0161u portug\u0101\u013cu saj\u016btu, ko gr\u016bti iztulkot k\u0101 vienk\u0101r\u0161u ilgo\u0161anos.<\/p>\n<p>M\u016bzika parasti tiek izpild\u012bta ar portug\u0101\u013cu \u0123it\u0101ru (guitarra portuguesa), akustisko \u0123it\u0101ru (viola) un bas\u0123it\u0101ru. Fado ir ne tikai m\u016bzika, bet ar\u012b st\u0101sts par cilv\u0113ka dz\u012bvi, par Portug\u0101les v\u0113sturi un kult\u016bru, kas tiek nodots no paaudzes paaudz\u0113. Tas ir \u017eanrs, kas ir iek\u013cauts ar\u012b UNESCO Pasaules nemateri\u0101l\u0101 kult\u016bras mantojuma sarakst\u0101.<\/p>\n<p>Lai gan fado ir zin\u0101ms ar savu melanholisko raksturu, tas nav vienveid\u012bgs. Past\u0101v da\u017e\u0101di fado stili, tostarp Lisabonas un Koimbres fado, katram ar sav\u0101m \u012bpatn\u012bb\u0101m un v\u0113sturi. Di\u0101nas Vilari\u0146u izpild\u012bjum\u0101 klaus\u012bt\u0101ji var sagaid\u012bt autentisku fado pieredzi, kas ir gan tradicion\u0101la, gan ar\u012b svaiga un m\u016bsdien\u012bga.<\/p>\n<p>Koncerts VEF Kult\u016bras pil\u012b<\/p>\n<p>Di\u0101nas Vilari\u0146u uzst\u0101\u0161an\u0101s VEF Kult\u016bras pil\u012b 14. oktobr\u012b ir unik\u0101la iesp\u0113ja Latvijas publikai iepaz\u012bties ar vienu no Portug\u0101les m\u016bzikas spo\u017e\u0101kaj\u0101m jaunaj\u0101m zvaigzn\u0113m. Vi\u0146a uz skatuves k\u0101ps kop\u0101 ar tradicion\u0101lo fado trio, kas sast\u0101v no portug\u0101\u013cu \u0123it\u0101ras, akustisk\u0101s \u0123it\u0101ras un bas\u0123it\u0101ras, radot int\u012bmu un aizkustino\u0161u atmosf\u0113ru.<\/p>\n<p>\u0160is pas\u0101kums ir da\u013ca no VEF Kult\u016bras pils pla\u0161\u0101 rudens programmas, kas pied\u0101v\u0101 da\u017e\u0101dus kult\u016bras notikumus r\u012bdziniekiem un pils\u0113tas viesiem. Koncerts ar Di\u0101nu Vilari\u0146u sol\u0101s b\u016bt viens no rudens gaid\u012bt\u0101kajiem notikumiem kult\u016bras dz\u012bv\u0113, pied\u0101v\u0101jot klaus\u012bt\u0101jiem ce\u013cojumu uz Portug\u0101les dv\u0113seles m\u016bziku.<\/p>\n","protected":false},"excerpt":{"rendered":"Portug\u0101\u013cu fado jaun\u0101 balss Latvij\u0101 14. oktobr\u012b VEF Kult\u016bras pil\u012b klaus\u012bt\u0101jiem b\u016bs iesp\u0113ja baud\u012bt \u012bpa\u0161u muzik\u0101lu pieredzi \u2013&hellip;\n","protected":false},"author":2,"featured_media":19502,"comment_status":"","ping_status":"","sticky":false,"template":"","format":"standard","meta":{"footnotes":""},"categories":[19],"tags":[6361,89,6362,90,656,35,39,38,36,37,34,40,6363,431],"class_list":{"0":"post-19501","1":"post","2":"type-post","3":"status-publish","4":"format-standard","5":"has-post-thumbnail","7":"category-izklaide","8":"tag-diana-vilarinu","9":"tag-entertainment","10":"tag-fado","11":"tag-izklaide","12":"tag-koncerts-riga","13":"tag-latvia","14":"tag-latvian","15":"tag-latviesu","16":"tag-latviesu-valoda","17":"tag-latviesuvaloda","18":"tag-latvija","19":"tag-lv","20":"tag-portugalu-muzika","21":"tag-vef-kulturas-pils"},"share_on_mastodon":{"url":"","error":""},"_links":{"self":[{"href":"https:\/\/www.europesays.com\/lv\/wp-json\/wp\/v2\/posts\/19501","targetHints":{"allow":["GET"]}}],"collection":[{"href":"https:\/\/www.europesays.com\/lv\/wp-json\/wp\/v2\/posts"}],"about":[{"href":"https:\/\/www.europesays.com\/lv\/wp-json\/wp\/v2\/types\/post"}],"author":[{"embeddable":true,"href":"https:\/\/www.europesays.com\/lv\/wp-json\/wp\/v2\/users\/2"}],"replies":[{"embeddable":true,"href":"https:\/\/www.europesays.com\/lv\/wp-json\/wp\/v2\/comments?post=19501"}],"version-history":[{"count":0,"href":"https:\/\/www.europesays.com\/lv\/wp-json\/wp\/v2\/posts\/19501\/revisions"}],"wp:featuredmedia":[{"embeddable":true,"href":"https:\/\/www.europesays.com\/lv\/wp-json\/wp\/v2\/media\/19502"}],"wp:attachment":[{"href":"https:\/\/www.europesays.com\/lv\/wp-json\/wp\/v2\/media?parent=19501"}],"wp:term":[{"taxonomy":"category","embeddable":true,"href":"https:\/\/www.europesays.com\/lv\/wp-json\/wp\/v2\/categories?post=19501"},{"taxonomy":"post_tag","embeddable":true,"href":"https:\/\/www.europesays.com\/lv\/wp-json\/wp\/v2\/tags?post=19501"}],"curies":[{"name":"wp","href":"https:\/\/api.w.org\/{rel}","templated":true}]}}