{"id":19513,"date":"2025-10-12T21:20:22","date_gmt":"2025-10-12T21:20:22","guid":{"rendered":"https:\/\/www.europesays.com\/lv\/19513\/"},"modified":"2025-10-12T21:20:22","modified_gmt":"2025-10-12T21:20:22","slug":"mediciniskaja-parbaude-trampa-veselibu-atzist-par-lielisku","status":"publish","type":"post","link":"https:\/\/www.europesays.com\/lv\/19513\/","title":{"rendered":"Medic\u012bniskaj\u0101 p\u0101rbaud\u0113 Trampa vesel\u012bbu atz\u012bst par lielisku"},"content":{"rendered":"<p>79 gadus vecais Tramps piektdien izg\u0101ja medic\u012bnisko p\u0101rbaudi Voltera R\u012bda Nacion\u0101laj\u0101 milit\u0101raj\u0101 medic\u012bnas centr\u0101 pie Va\u0161ingtonas. T\u0101 bija otr\u0101 medic\u012bnisk\u0101 p\u0101rbaude kop\u0161 Trampa otr\u0101s prezident\u016bras s\u0101kuma janv\u0101r\u012b.<\/p>\n<p>P\u0113c atgrie\u0161an\u0101s Baltaj\u0101 nam\u0101 Tramps ar aug\u0161up paceltiem \u012bk\u0161\u0137iem atbild\u0113ja uz reportieru jaut\u0101jumu par medic\u012bnisko p\u0101rbaudi.<\/p>\n<p>&#8220;Prezidents Tramps turpina demonstr\u0113t lielisku visp\u0101r\u0113jo vesel\u012bbu,&#8221; Balt\u0101 nama public\u0113t\u0101 v\u0113stul\u0113 rakst\u012bja vi\u0146a \u0101rsts, kara flotes kapteinis \u0160ons Barbabella.<\/p>\n<p>&#8220;Tika konstat\u0113ts, ka vi\u0146a sirds vecums (..) ir aptuveni 14 gadus maz\u0101ks par vi\u0146a hronolo\u0123isko vecumu. Vi\u0146\u0161 turpina uztur\u0113t pras\u012bgu ikdienas grafiku bez ierobe\u017eojumiem,&#8221; atzina \u0101rsts.<\/p>\n<p>Trampam tika veikti da\u017e\u0101di rut\u012bnas testi, un vi\u0146\u0161 ar\u012b sa\u0146\u0113ma moderniz\u0113tu kovida balstvakc\u012bnu un ikgad\u0113jo gripas vakc\u012bnu.<\/p>\n<p>Baltais nams j\u016blij\u0101 pazi\u0146oja, ka Trampam ir diagnostic\u0113ta hroniska v\u0113nu mazsp\u0113ja p\u0113c pie\u0146\u0113mumiem par vi\u0146a plaukstas nobr\u0101zumiem un piet\u016bku\u0161\u0101m k\u0101j\u0101m.<\/p>\n<p>Baltais nams \u0161oned\u0113\u013c pazi\u0146oja, ka piektdien tiks veikta &#8220;ikgad\u0113j\u0101&#8221; medic\u012bnisk\u0101 p\u0101rbaude, lai gan Trampam \u0161\u0101da p\u0101rbaude tika veikta jau apr\u012bl\u012b.<\/p>\n<p>Tramps ceturtdien pateica reportieriem Ov\u0101laj\u0101 kabinet\u0101, ka vi\u0146\u0161 gras\u0101s iziet pusgada fizisk\u0101s vesel\u012bbas p\u0101rbaudi. &#8220;Es esmu lielisk\u0101 form\u0101, bet dar\u012b\u0161u jums zin\u0101mu [t\u0101s rezult\u0101tu]. Bet n\u0113 &#8211; man l\u012bdz \u0161im nav nek\u0101du gr\u016bt\u012bbu. Fiziski es j\u016btos \u013coti labi. Gar\u012bgi es j\u016btos \u013coti labi,&#8221; sac\u012bja Tramps.<\/p>\n<p>Trampa \u0101rsta pazi\u0146ojum\u0101 p\u0113c apr\u012bl\u012b veikt\u0101s medic\u012bnisk\u0101s p\u0101rbaudes bija teikts, ka &#8220;prezidentam Trampam ir lieliska kognit\u012bv\u0101 un fizisk\u0101 <a href=\"https:\/\/www.apollo.lv\/term\/555435\/veseliba\" class=\"topicLink\" target=\"_blank\" rel=\"nofollow noopener\">vesel\u012bba<\/a>, un vi\u0146\u0161 ir piln\u012bb\u0101 piem\u0113rots [bru\u0146oto sp\u0113ku] augst\u0101k\u0101 virspav\u0113lnieka un valsts galvas pien\u0101kumu pild\u012b\u0161anai&#8221;.<\/p>\n<p>Pazi\u0146ojum\u0101 ar\u012b bija nor\u0101d\u012bts, ka Trampam labi darbojas sirds un plau\u0161as, ir labs neirolo\u0123iskais un visp\u0101r\u0113jais fiziskais st\u0101voklis. Kognit\u012bvaj\u0101 test\u0101 vi\u0146\u0161 ieguvis 30 no 30 iesp\u0113jamajiem punktiem.<\/p>\n","protected":false},"excerpt":{"rendered":"79 gadus vecais Tramps piektdien izg\u0101ja medic\u012bnisko p\u0101rbaudi Voltera R\u012bda Nacion\u0101laj\u0101 milit\u0101raj\u0101 medic\u012bnas centr\u0101 pie Va\u0161ingtonas. T\u0101 bija&hellip;\n","protected":false},"author":2,"featured_media":19514,"comment_status":"","ping_status":"","sticky":false,"template":"","format":"standard","meta":{"footnotes":""},"categories":[14],"tags":[23,57,28,29,542,32,33,1568,22,30,31,35,39,38,36,37,34,40,20,26,27,24,25,181,6364,54,55,56,21,58],"class_list":{"0":"post-19513","1":"post","2":"type-post","3":"status-publish","4":"format-standard","5":"has-post-thumbnail","7":"category-zinas-no-arvalstim","8":"tag-aktualitates","9":"tag-arvalstim","10":"tag-breaking-news","11":"tag-breakingnews","12":"tag-donalds-tramps","13":"tag-featured-news","14":"tag-featurednews","15":"tag-gariga-veseliba","16":"tag-headlines","17":"tag-latest-news","18":"tag-latestnews","19":"tag-latvia","20":"tag-latvian","21":"tag-latviesu","22":"tag-latviesu-valoda","23":"tag-latviesuvaloda","24":"tag-latvija","25":"tag-lv","26":"tag-news","27":"tag-popularakas-zinas","28":"tag-popularakaszinas","29":"tag-top-stories","30":"tag-topstories","31":"tag-veseliba","32":"tag-viriesu-veseliba","33":"tag-world","34":"tag-world-news","35":"tag-worldnews","36":"tag-zinas","37":"tag-zinas-no-arvalstim"},"share_on_mastodon":{"url":"","error":""},"_links":{"self":[{"href":"https:\/\/www.europesays.com\/lv\/wp-json\/wp\/v2\/posts\/19513","targetHints":{"allow":["GET"]}}],"collection":[{"href":"https:\/\/www.europesays.com\/lv\/wp-json\/wp\/v2\/posts"}],"about":[{"href":"https:\/\/www.europesays.com\/lv\/wp-json\/wp\/v2\/types\/post"}],"author":[{"embeddable":true,"href":"https:\/\/www.europesays.com\/lv\/wp-json\/wp\/v2\/users\/2"}],"replies":[{"embeddable":true,"href":"https:\/\/www.europesays.com\/lv\/wp-json\/wp\/v2\/comments?post=19513"}],"version-history":[{"count":0,"href":"https:\/\/www.europesays.com\/lv\/wp-json\/wp\/v2\/posts\/19513\/revisions"}],"wp:featuredmedia":[{"embeddable":true,"href":"https:\/\/www.europesays.com\/lv\/wp-json\/wp\/v2\/media\/19514"}],"wp:attachment":[{"href":"https:\/\/www.europesays.com\/lv\/wp-json\/wp\/v2\/media?parent=19513"}],"wp:term":[{"taxonomy":"category","embeddable":true,"href":"https:\/\/www.europesays.com\/lv\/wp-json\/wp\/v2\/categories?post=19513"},{"taxonomy":"post_tag","embeddable":true,"href":"https:\/\/www.europesays.com\/lv\/wp-json\/wp\/v2\/tags?post=19513"}],"curies":[{"name":"wp","href":"https:\/\/api.w.org\/{rel}","templated":true}]}}