{"id":19517,"date":"2025-10-12T21:23:13","date_gmt":"2025-10-12T21:23:13","guid":{"rendered":"https:\/\/www.europesays.com\/lv\/19517\/"},"modified":"2025-10-12T21:23:13","modified_gmt":"2025-10-12T21:23:13","slug":"princis-harijs-un-megana-beidzot-iziet-sabiedriba","status":"publish","type":"post","link":"https:\/\/www.europesays.com\/lv\/19517\/","title":{"rendered":"Princis Harijs un Megana beidzot iziet sabiedr\u012bb\u0101"},"content":{"rendered":"<p>Harijs un Megana bija uzaicin\u0101ti k\u0101 goda viesi, un abiem uztic\u0113ja runas, atzin\u012bbu pie\u0161\u0137ir\u0161anu un atbalstu organizatoriem. Vi\u0146i tika pasludin\u0101ti par \u201cHumanitarians of the Year\u201d (Humanit\u0101rie gada cilv\u0113ki) par savu ieguld\u012bjumu ment\u0101l\u0101s vesel\u012bbas jaut\u0101jumos un par iniciat\u012bv\u0101m, kas saist\u012btas ar b\u0113rnu un jaunie\u0161u labkl\u0101j\u012bbu tie\u0161saist\u0113.<\/p>\n<p><img decoding=\"async\" class=\"figure__image\" onclick=\"triggerEvent('articleImageClick', { id: 17201737, focus: 'single-image', focusIndex: '17201737' })\" onkeydown=\"if (event.key === 'Enter') {&#10;        triggerEvent('articleImageClick', { id: 17201737, focus: 'single-image', focusIndex: '17201737' })&#10;        }\" role=\"button\" tabindex=\"0\" data-focus-from=\"single-image\" data-focus-index=\"17201737\" src=\"https:\/\/www.europesays.com\/lv\/wp-content\/uploads\/2025\/10\/17201737t1h32e6.jpg\" onload=\"this.parentElement.classList.remove('figure__image-loading')\" alt=\"\"\/> Foto: Reuters\/ScanPix<\/p>\n<p>Pas\u0101kum\u0101 Harijs un Megana saska\u0146oja ar\u012b savus t\u0113lus \u2014 Harijs \u0123\u0113rb\u0101s klasisk\u0101 meln\u0101 uzvalk\u0101 ar baltu kreklu un klasisku kaklasaiti, izv\u0113loties izsmalcin\u0101tu, bet elegantu stilu, kas neizce\u013cas p\u0101rlieku ekstravaganti \u0113nas lom\u0101.<\/p>\n<p>Megana bija t\u0113rpusies Giorgio Armani dizaina bik\u0161kost\u012bm\u0101. \u017dakete bija ar vieglu siluetu, gar\u0101m piedurkn\u0113m un vienu pogu pie viduk\u013ca, kas vizu\u0101li akcent\u0113ja vi\u0146as formu. Piesaist\u012bja uzman\u012bbu ar\u012b vi\u0146as aksesu\u0101ri \u2014 vi\u0146a n\u0113s\u0101ja \u201cLa Prima\u201d ra somi\u0146u un zelta \u0137\u0113des kaklarotu no &#8220;Annie Bing&#8221;.<\/p>\n<p>Kaklarotas v\u0113rt\u012bba tiek l\u0113sta ap 560 eiro, savuk\u0101rt viss Meganas t\u0113rps kopum\u0101 \u2014 \u017eakete, bikses, somi\u0146a un rotaslietas \u2014 tiek nov\u0113rt\u0113ts aptuveni 15 000 eiro v\u0113rt\u012bb\u0101.<\/p>\n<p><img decoding=\"async\" class=\"figure__image\" onclick=\"triggerEvent('articleImageClick', { id: 17201736, focus: 'single-image', focusIndex: '17201736' })\" onkeydown=\"if (event.key === 'Enter') {&#10;        triggerEvent('articleImageClick', { id: 17201736, focus: 'single-image', focusIndex: '17201736' })&#10;        }\" role=\"button\" tabindex=\"0\" data-focus-from=\"single-image\" data-focus-index=\"17201736\" src=\"https:\/\/www.europesays.com\/lv\/wp-content\/uploads\/2025\/10\/17201736t1h7738.jpg\" onload=\"this.parentElement.classList.remove('figure__image-loading')\" alt=\"\"\/> Foto: Reuters\/ScanPix<img decoding=\"async\" class=\"figure__image\" onclick=\"triggerEvent('articleImageClick', { id: 17201734, focus: 'single-image', focusIndex: '17201734' })\" onkeydown=\"if (event.key === 'Enter') {&#10;        triggerEvent('articleImageClick', { id: 17201734, focus: 'single-image', focusIndex: '17201734' })&#10;        }\" role=\"button\" tabindex=\"0\" data-focus-from=\"single-image\" data-focus-index=\"17201734\" src=\"https:\/\/www.europesays.com\/lv\/wp-content\/uploads\/2025\/10\/17201734t1h0dd7.jpg\" onload=\"this.parentElement.classList.remove('figure__image-loading')\" alt=\"\"\/> Foto: Reuters\/ScanPix<img decoding=\"async\" class=\"figure__image\" onclick=\"triggerEvent('articleImageClick', { id: 17201733, focus: 'single-image', focusIndex: '17201733' })\" onkeydown=\"if (event.key === 'Enter') {&#10;        triggerEvent('articleImageClick', { id: 17201733, focus: 'single-image', focusIndex: '17201733' })&#10;        }\" role=\"button\" tabindex=\"0\" data-focus-from=\"single-image\" data-focus-index=\"17201733\" src=\"https:\/\/www.europesays.com\/lv\/wp-content\/uploads\/2025\/10\/17201733t1h2527.jpg\" onload=\"this.parentElement.classList.remove('figure__image-loading')\" alt=\"\"\/> Foto: Reuters\/ScanPix<img decoding=\"async\" class=\"figure__image\" onclick=\"triggerEvent('articleImageClick', { id: 17201728, focus: 'single-image', focusIndex: '17201728' })\" onkeydown=\"if (event.key === 'Enter') {&#10;        triggerEvent('articleImageClick', { id: 17201728, focus: 'single-image', focusIndex: '17201728' })&#10;        }\" role=\"button\" tabindex=\"0\" data-focus-from=\"single-image\" data-focus-index=\"17201728\" src=\"https:\/\/www.europesays.com\/lv\/wp-content\/uploads\/2025\/10\/17201728t1h6c1e.jpg\" onload=\"this.parentElement.classList.remove('figure__image-loading')\" alt=\"\"\/> Foto: Reuters\/ScanPix<img decoding=\"async\" class=\"figure__image\" onclick=\"triggerEvent('articleImageClick', { id: 17201729, focus: 'single-image', focusIndex: '17201729' })\" onkeydown=\"if (event.key === 'Enter') {&#10;        triggerEvent('articleImageClick', { id: 17201729, focus: 'single-image', focusIndex: '17201729' })&#10;        }\" role=\"button\" tabindex=\"0\" data-focus-from=\"single-image\" data-focus-index=\"17201729\" src=\"https:\/\/www.europesays.com\/lv\/wp-content\/uploads\/2025\/10\/17201729t1h0b4f.jpg\" onload=\"this.parentElement.classList.remove('figure__image-loading')\" alt=\"\"\/> Foto: Reuters\/ScanPix<\/p>\n","protected":false},"excerpt":{"rendered":"Harijs un Megana bija uzaicin\u0101ti k\u0101 goda viesi, un abiem uztic\u0113ja runas, atzin\u012bbu pie\u0161\u0137ir\u0161anu un atbalstu organizatoriem. Vi\u0146i&hellip;\n","protected":false},"author":2,"featured_media":19518,"comment_status":"","ping_status":"","sticky":false,"template":"","format":"standard","meta":{"footnotes":""},"categories":[19],"tags":[89,90,1641,35,39,38,36,37,34,40,6211,6365,6366],"class_list":{"0":"post-19517","1":"post","2":"type-post","3":"status-publish","4":"format-standard","5":"has-post-thumbnail","7":"category-izklaide","8":"tag-entertainment","9":"tag-izklaide","10":"tag-karaliska-gimene","11":"tag-latvia","12":"tag-latvian","13":"tag-latviesu","14":"tag-latviesu-valoda","15":"tag-latviesuvaloda","16":"tag-latvija","17":"tag-lv","18":"tag-megana-markla","19":"tag-saseksas-hercogi","20":"tag-saseksas-hercogiene"},"share_on_mastodon":{"url":"","error":""},"_links":{"self":[{"href":"https:\/\/www.europesays.com\/lv\/wp-json\/wp\/v2\/posts\/19517","targetHints":{"allow":["GET"]}}],"collection":[{"href":"https:\/\/www.europesays.com\/lv\/wp-json\/wp\/v2\/posts"}],"about":[{"href":"https:\/\/www.europesays.com\/lv\/wp-json\/wp\/v2\/types\/post"}],"author":[{"embeddable":true,"href":"https:\/\/www.europesays.com\/lv\/wp-json\/wp\/v2\/users\/2"}],"replies":[{"embeddable":true,"href":"https:\/\/www.europesays.com\/lv\/wp-json\/wp\/v2\/comments?post=19517"}],"version-history":[{"count":0,"href":"https:\/\/www.europesays.com\/lv\/wp-json\/wp\/v2\/posts\/19517\/revisions"}],"wp:featuredmedia":[{"embeddable":true,"href":"https:\/\/www.europesays.com\/lv\/wp-json\/wp\/v2\/media\/19518"}],"wp:attachment":[{"href":"https:\/\/www.europesays.com\/lv\/wp-json\/wp\/v2\/media?parent=19517"}],"wp:term":[{"taxonomy":"category","embeddable":true,"href":"https:\/\/www.europesays.com\/lv\/wp-json\/wp\/v2\/categories?post=19517"},{"taxonomy":"post_tag","embeddable":true,"href":"https:\/\/www.europesays.com\/lv\/wp-json\/wp\/v2\/tags?post=19517"}],"curies":[{"name":"wp","href":"https:\/\/api.w.org\/{rel}","templated":true}]}}