{"id":19528,"date":"2025-10-12T21:39:07","date_gmt":"2025-10-12T21:39:07","guid":{"rendered":"https:\/\/www.europesays.com\/lv\/19528\/"},"modified":"2025-10-12T21:39:07","modified_gmt":"2025-10-12T21:39:07","slug":"neka-personiga-%e2%9f%a9-valsts-kapitalsabiedribas-civiltiesiskajai-apdrosinasanai-tere-vismaz-miljonu-ta-ir-izmantota-apmeram-divreiz","status":"publish","type":"post","link":"https:\/\/www.europesays.com\/lv\/19528\/","title":{"rendered":"NEK\u0100 PERSON\u012aGA \u27e9 Valsts kapit\u0101lsabiedr\u012bbas civiltiesiskajai apdro\u0161in\u0101\u0161anai t\u0113r\u0113 vismaz miljonu. T\u0101 ir izmantota apm\u0113ram divreiz"},"content":{"rendered":"<p>Lai pasarg\u0101tu uz\u0146\u0113mumu amatpersonu k\u013c\u016bdainu l\u0113mumu gad\u012bjum\u0101, apdro\u0161in\u0101tas ir ar\u012b Eiropas dzelzce\u013ca l\u012bnijas, R\u012bgas siltums, Pasa\u017eieru vilciens, Latvijas valsts me\u017ei, Latvijas Sabiedriskais medijs, Latvijas valsts radio un telev\u012bzijas centrs un citas <a href=\"https:\/\/www.tvnet.lv\/term\/805594\/kapitalsabiedribas\" class=\"topicLink\" target=\"_blank\" rel=\"nofollow noopener\">kapit\u0101lsabiedr\u012bbas<\/a>.<\/p>\n<p>&#8220;Nek\u0101 person\u012bga&#8221; ir zin\u0101ms tikai par diviem gad\u012bjumiem, kad \u0161\u012bs polises tiku\u0161as iedarbin\u0101tas un abos summas biju\u0161as mazas. Apdro\u0161in\u0101t\u0101js 2018.gad\u0101 sedzis lidosta \u201cR\u012bga\u201d valdes locek\u013ciem administrat\u012bv\u0101 tiesved\u012bb\u0101 par piek\u013cuvi lidostas taksometru l\u012bnijai piespriesto piespiedu naudu 1200 eiro.<\/p>\n<p>To vienreiz ir izmantojis ar\u012b CSDD, kad juristi nokav\u0113ja paskaidrojumu snieg\u0161anu par vienu dienu, un apdro\u0161in\u0101t\u0101js vi\u0146u viet\u0101 samaks\u0101ja administrat\u012bvo sodu &#8211; 100 eiro.<\/p>\n<p>Publiskas personas kapit\u0101la da\u013cu kapit\u0101lsabiedr\u012bbu p\u0101rvald\u012bbas likums (79.pants (9)) valdes locek\u013ciem \u013cauj izv\u0113l\u0113ties \u0161\u0101du apdro\u0161in\u0101\u0161anu veidu, ta\u010du j\u0101izv\u0113rt\u0113 t\u0101 finansi\u0101lais pamatojums un lietder\u012bba.<\/p>\n<p>Vair\u0101kums no satiksmes ministrijas uz\u0146\u0113mumu valdes locek\u013ciem atsauc\u0101s ar\u012b uz pilnvarojuma l\u012bgumiem ar ministriju, kuros \u0161\u012b apdro\u0161in\u0101\u0161ana ir paredz\u0113ta.<\/p>\n<p>&#8220;Nek\u0101 person\u012bga&#8221; nov\u0113roja stipri at\u0161\u0137ir\u012bgas tendences starp kapit\u0101lsabiedr\u012bb\u0101m, kas p\u0113c b\u016bt\u012bbas veic l\u012bdz\u012bgas funkcijas. Piem\u0113ram, tieslietu ministrijai pak\u013caut\u0101 \u201cTiesu namu a\u0123ent\u016bra\u201d valdes locek\u013cu civiltiesisko atbild\u012bbu apdro\u0161ina, ta\u010du to nedara ne labkl\u0101j\u012bbas ministrijai pak\u013cautie \u201c\u0160amp\u0113tera nami\u201d , ne \u201cZemkop\u012bbas ministrijas nekustamie \u012bpa\u0161umi\u201d.<\/p>\n<p>Ar\u012b vair\u0101kums \u0101rstniec\u012bbas iest\u0101des, tai skait\u0101 VSIA Traumatolo\u0123ijas un ortop\u0113dijas slimn\u012bca mums atbild\u0113ja, ka \u0161obr\u012bd neiep\u0113rk, un visticam\u0101k ar\u012b tuv\u0101kaj\u0101 n\u0101kotn\u0113 nepl\u0101no ieg\u0101d\u0101ties valdes un citu vado\u0161o amatpersonu civiltiesisk\u0101s atbild\u012bbas apdro\u0161in\u0101\u0161anu.<\/p>\n<p>&#8220;Nek\u0101 person\u012bga&#8221; nov\u0113roja, ka p\u0113d\u0113jos gados iepirkumos par civilttiesisk\u0101s atbild\u012bbas apdro\u0161in\u0101\u0161anu valsts kapit\u0101lsabiedr\u012bbu vado\u0161aj\u0101m amatperson\u0101m.<\/p>\n<blockquote class=\"quote ck-widget\" contenteditable=\"false\">\n<p>uzvar pamat\u0101 divas apdro\u0161in\u0101\u0161anas komp\u0101nijas &#8211; BTA un Compensa Vienna Insurance group Latvijas fili\u0101le.<\/p>\n<\/blockquote>\n","protected":false},"excerpt":{"rendered":"Lai pasarg\u0101tu uz\u0146\u0113mumu amatpersonu k\u013c\u016bdainu l\u0113mumu gad\u012bjum\u0101, apdro\u0161in\u0101tas ir ar\u012b Eiropas dzelzce\u013ca l\u012bnijas, R\u012bgas siltums, Pasa\u017eieru vilciens, Latvijas&hellip;\n","protected":false},"author":2,"featured_media":10786,"comment_status":"","ping_status":"","sticky":false,"template":"","format":"standard","meta":{"footnotes":""},"categories":[12],"tags":[23,6371,28,29,32,33,22,6373,30,31,35,39,38,36,37,34,40,20,6372,26,27,24,25,4128,21],"class_list":{"0":"post-19528","1":"post","2":"type-post","3":"status-publish","4":"format-standard","5":"has-post-thumbnail","7":"category-latvija","8":"tag-aktualitates","9":"tag-apdrosinasanas-polise","10":"tag-breaking-news","11":"tag-breakingnews","12":"tag-featured-news","13":"tag-featurednews","14":"tag-headlines","15":"tag-kapitalsabiedribas","16":"tag-latest-news","17":"tag-latestnews","18":"tag-latvia","19":"tag-latvian","20":"tag-latviesu","21":"tag-latviesu-valoda","22":"tag-latviesuvaloda","23":"tag-latvija","24":"tag-lv","25":"tag-news","26":"tag-polise","27":"tag-popularakas-zinas","28":"tag-popularakaszinas","29":"tag-top-stories","30":"tag-topstories","31":"tag-valsts-kapitalsabiedribas","32":"tag-zinas"},"share_on_mastodon":{"url":"","error":""},"_links":{"self":[{"href":"https:\/\/www.europesays.com\/lv\/wp-json\/wp\/v2\/posts\/19528","targetHints":{"allow":["GET"]}}],"collection":[{"href":"https:\/\/www.europesays.com\/lv\/wp-json\/wp\/v2\/posts"}],"about":[{"href":"https:\/\/www.europesays.com\/lv\/wp-json\/wp\/v2\/types\/post"}],"author":[{"embeddable":true,"href":"https:\/\/www.europesays.com\/lv\/wp-json\/wp\/v2\/users\/2"}],"replies":[{"embeddable":true,"href":"https:\/\/www.europesays.com\/lv\/wp-json\/wp\/v2\/comments?post=19528"}],"version-history":[{"count":0,"href":"https:\/\/www.europesays.com\/lv\/wp-json\/wp\/v2\/posts\/19528\/revisions"}],"wp:featuredmedia":[{"embeddable":true,"href":"https:\/\/www.europesays.com\/lv\/wp-json\/wp\/v2\/media\/10786"}],"wp:attachment":[{"href":"https:\/\/www.europesays.com\/lv\/wp-json\/wp\/v2\/media?parent=19528"}],"wp:term":[{"taxonomy":"category","embeddable":true,"href":"https:\/\/www.europesays.com\/lv\/wp-json\/wp\/v2\/categories?post=19528"},{"taxonomy":"post_tag","embeddable":true,"href":"https:\/\/www.europesays.com\/lv\/wp-json\/wp\/v2\/tags?post=19528"}],"curies":[{"name":"wp","href":"https:\/\/api.w.org\/{rel}","templated":true}]}}