{"id":195321,"date":"2026-05-05T16:21:19","date_gmt":"2026-05-05T16:21:19","guid":{"rendered":"https:\/\/www.europesays.com\/lv\/195321\/"},"modified":"2026-05-05T16:21:19","modified_gmt":"2026-05-05T16:21:19","slug":"lietuviesi-satraukti-par-skatu-netalu-no-robezas-plivo-krievijas-karogi-un-skan-kara-dziesmas","status":"publish","type":"post","link":"https:\/\/www.europesays.com\/lv\/195321\/","title":{"rendered":"Lietuvie\u0161i satraukti par skatu net\u0101lu no robe\u017eas \u2013 pl\u012bvo Krievijas karogi un skan kara dziesmas"},"content":{"rendered":"<p>Viet\u0113jiem rad\u0101s jaut\u0101jumi \u2013 vai t\u0101 ir apzin\u0101ta provok\u0101cija, vai ar\u012b Krievij\u0101 &#8220;Uzvaras diena&#8221; tiek svin\u0113ta agr\u0101k nek\u0101 ierasts.<\/p>\n<p>Zi\u0146u port\u0101ls &#8220;tv3.lt&#8221; sv\u0113tdien sa\u0146\u0113ma k\u0101da las\u012bt\u0101ja video. &#8220;No Rusnes puses redzams, ka Krievijas pus\u0113 tiek svin\u0113ta &#8220;Uzvaras diena&#8221;. Tas izskat\u0101s p\u0113c provok\u0101cijas,&#8221; rakst\u012bja aculiecinieks.<\/p>\n<p>K\u0101 st\u0101sta viet\u0113jie iedz\u012bvot\u0101ji, no Lietuvas puses bija skaidri redzami Krievijas karogi un dzirdamas ska\u013ci atska\u0146otas kara dziesmas.<\/p>\n<p>Lietuvas amatpersonas nor\u0101da, ka situ\u0101cija tiek kontrol\u0113ta. Lietuvas un Krievijas robe\u017eas posmu \u0160ilutes rajon\u0101 uzrauga Valsts robe\u017esardzes dienests, kas atbild par dro\u0161\u012bbu un rea\u0123\u0113 uz ar robe\u017eu saist\u012btiem incidentiem.<\/p>\n<p>Vienlaikus ar\u012b policija gatavojas pastiprin\u0101tam darbam saist\u012bb\u0101 ar 9. maija periodu. &#8220;Katru gadu \u0161aj\u0101 laik\u0101 tiek veikti papildu dro\u0161\u012bbas pas\u0101kumi, lai nov\u0113rstu iesp\u0113jam\u0101s provok\u0101cijas un sabiedrisk\u0101s k\u0101rt\u012bbas p\u0101rk\u0101pumus,&#8221; nor\u0101da Lietuvas policijas p\u0101rst\u0101ve Lina Baniene. Pastiprin\u0101ti tiek uzraudz\u012bta publisk\u0101 telpa un cilv\u0113ku pulc\u0113\u0161an\u0101s.<\/p>\n<p class=\"ad-desc ad-desc-main\">Saturs turpin\u0101s p\u0113c rekl\u0101mas<\/p>\n<p class=\"ad-desc ad-desc-sec\">Rekl\u0101ma<\/p>\n<p>Jau zi\u0146ots, ka Latvijas Valsts policijai pagaid\u0101m <a href=\"https:\/\/tv3.lv\/zinas\/latvija\/sabiedriba\/paaugstinatu-drosibas-risku-9-maija-nav-bet-modriba-saglabajas-un-policija-sola-stingru-kontroli\/\" rel=\"nofollow noopener\" target=\"_blank\">nav indik\u0101ciju par paaugstin\u0101tiem dro\u0161\u012bbas riskiem Latvij\u0101 9. maij\u0101<\/a> saist\u012bb\u0101 ar Krievij\u0101 pl\u0101notaj\u0101m &#8220;Uzvaras dienas&#8221; svin\u012bb\u0101m, tom\u0113r ties\u012bbsarg\u0101jo\u0161\u0101s iest\u0101des saglab\u0101 modr\u012bbu, lai nepiecie\u0161am\u012bbas gad\u012bjum\u0101 b\u016btu gatavas r\u012bkoties, intervij\u0101 TV3 raid\u012bjumam &#8220;900 sekundes&#8221; sac\u012bja Valsts policijas priek\u0161nieks Armands Ruks.<\/p>\n<p>Vi\u0146\u0161 apliecin\u0101ja, ka, tuvojoties 9. maijam, ties\u012bbsarg\u0101jo\u0161\u0101s un dro\u0161\u012bbas iest\u0101des uztur regul\u0101ru sazi\u0146u un pl\u0101no cilv\u0113kresursus, lai nodro\u0161in\u0101tu k\u0101rt\u012bbu.<\/p>\n<p>&#8220;\u0160obr\u012bd nek\u0101du indik\u0101ciju nav par konkr\u0113t\u0101m izpausm\u0113m, bet vienlaikus m\u0113s esam modri un pl\u0101nojam cilv\u0113kresursus. R\u0113\u0137in\u0101mies, ka 9. maijs b\u016bs br\u012bvdien\u0101 \u2013 sestdien\u0101, attiec\u012bgi cilv\u0113kiem b\u016bs vair\u0101k laika izpausm\u0113m, t\u0101 k\u0101 darbs b\u016bs jebkur\u0101 gad\u012bjum\u0101,&#8221; teica Ruks.<\/p>\n<p class=\"tv3-fw-500\">Zi\u0146o par k\u013c\u016bdu rakst\u0101<\/p>\n<p class=\"d-md-block d-none\">Iez\u012bm\u0113 k\u013c\u016bdaino tekstu un spied Ctrl+Enter.<\/p>\n<p class=\"d-md-none d-block\">Iez\u012bm\u0113 k\u013c\u016bdaino tekstu un zi\u0146o par to!<\/p>\n","protected":false},"excerpt":{"rendered":"Viet\u0113jiem rad\u0101s jaut\u0101jumi \u2013 vai t\u0101 ir apzin\u0101ta provok\u0101cija, vai ar\u012b Krievij\u0101 &#8220;Uzvaras diena&#8221; tiek svin\u0113ta agr\u0101k nek\u0101&hellip;\n","protected":false},"author":2,"featured_media":195322,"comment_status":"","ping_status":"","sticky":false,"template":"","format":"standard","meta":{"footnotes":"","_share_on_mastodon":"0"},"categories":[5],"tags":[36163,23,28,29,32,33,22,30,31,35,39,38,36,37,34,40,20,26,27,24,25,21],"class_list":["post-195321","post","type-post","status-publish","format-standard","has-post-thumbnail","category-aktualitates","tag-9-maijskrievijalietuva","tag-aktualitates","tag-breaking-news","tag-breakingnews","tag-featured-news","tag-featurednews","tag-headlines","tag-latest-news","tag-latestnews","tag-latvia","tag-latvian","tag-latviesu","tag-latviesu-valoda","tag-latviesuvaloda","tag-latvija","tag-lv","tag-news","tag-popularakas-zinas","tag-popularakaszinas","tag-top-stories","tag-topstories","tag-zinas"],"share_on_mastodon":{"url":"https:\/\/pubeurope.com\/@lv\/116522889003972903","error":""},"_links":{"self":[{"href":"https:\/\/www.europesays.com\/lv\/wp-json\/wp\/v2\/posts\/195321","targetHints":{"allow":["GET"]}}],"collection":[{"href":"https:\/\/www.europesays.com\/lv\/wp-json\/wp\/v2\/posts"}],"about":[{"href":"https:\/\/www.europesays.com\/lv\/wp-json\/wp\/v2\/types\/post"}],"author":[{"embeddable":true,"href":"https:\/\/www.europesays.com\/lv\/wp-json\/wp\/v2\/users\/2"}],"replies":[{"embeddable":true,"href":"https:\/\/www.europesays.com\/lv\/wp-json\/wp\/v2\/comments?post=195321"}],"version-history":[{"count":0,"href":"https:\/\/www.europesays.com\/lv\/wp-json\/wp\/v2\/posts\/195321\/revisions"}],"wp:featuredmedia":[{"embeddable":true,"href":"https:\/\/www.europesays.com\/lv\/wp-json\/wp\/v2\/media\/195322"}],"wp:attachment":[{"href":"https:\/\/www.europesays.com\/lv\/wp-json\/wp\/v2\/media?parent=195321"}],"wp:term":[{"taxonomy":"category","embeddable":true,"href":"https:\/\/www.europesays.com\/lv\/wp-json\/wp\/v2\/categories?post=195321"},{"taxonomy":"post_tag","embeddable":true,"href":"https:\/\/www.europesays.com\/lv\/wp-json\/wp\/v2\/tags?post=195321"}],"curies":[{"name":"wp","href":"https:\/\/api.w.org\/{rel}","templated":true}]}}