{"id":19533,"date":"2025-10-12T21:45:08","date_gmt":"2025-10-12T21:45:08","guid":{"rendered":"https:\/\/www.europesays.com\/lv\/19533\/"},"modified":"2025-10-12T21:45:08","modified_gmt":"2025-10-12T21:45:08","slug":"zzs-spiez-valdibu-dzest-ventspils-ostas-paradus","status":"publish","type":"post","link":"https:\/\/www.europesays.com\/lv\/19533\/","title":{"rendered":"ZZS spie\u017e vald\u012bbu dz\u0113st Ventspils ostas par\u0101dus"},"content":{"rendered":"<blockquote class=\"quote ck-widget\" contenteditable=\"false\">\n<p>Nek\u0101 person\u012bga zin\u0101ms, ka kop\u0161 pavasara Valsts kase, kuras p\u0101rvaldnieks no Finan\u0161u ministrijas iecelts ostas vald\u0113, Ventspilij jau atlikusi aizdevumu pamatsummas atmaksu un uz \u010detriem gadiem pie\u0161\u0137\u012brusi t\u0101 saucam\u0101s \u201ckred\u012btu br\u012bvdienas\u201d.<\/p>\n<\/blockquote>\n<p>ZZS pied\u0101v\u0101jumu par\u0101du visp\u0101r norakst\u012bt Valsts kase un Finan\u0161u ministrs v\u0113rt\u0113 \u013coti piesardz\u012bgi. Vair\u0101ki aizdevumi izmantoti projektiem, kas saist\u012bti ar komercdarb\u012bbu \u2013 piem\u0113ram, ra\u017eo\u0161anas \u0113ku b\u016bvniec\u012bbu. \u0160\u0101ds solis var\u0113tu tikt uzskat\u012bts par neat\u013cautu valsts atbalstu, kas nepatiktu Eiropas uzraugiem.<\/p>\n<p>Turkl\u0101t pat to da\u013cu, ko teor\u0113tiski var\u0113tu dz\u0113st, piem\u0113ram, aizdevumus par hidrob\u016bv\u0113m un pievedce\u013ciem, var\u0113tu norakst\u012bt tikai ar \u012bpa\u0161u likumu.<\/p>\n<p>ZZS uzst\u0101j, ka Ventspils ostas jaut\u0101jums ir \u201cekonomiska, ne politikska lieta\u201d. Tom\u0113r tas izskat\u0101s p\u0113c sava veida politisk\u0101 testa, kur\u0101 partijas m\u0113ras, kur\u0161 \u012bsti kontrol\u0113 un vada koal\u012bciju. Un cik liela ietekme procesiem R\u012bg\u0101 Saeim\u0101 un Vald\u012bb\u0101 ir Ventspil\u012b valdo\u0161\u0101s partijas ierindas valdes loceklim Aivaram Lembergam.<\/p>\n<p>A\u0161eradens uzskata, ka ar iesp\u0113jamu Ventspils ostas restrukturiz\u0101cijas pl\u0101nu j\u0101n\u0101k klaj\u0101 Satiksmes ministram un ar Ati \u0160vinku A\u0161eradens \u0161oned\u0113\u013ca par to esot run\u0101jis.<\/p>\n<p>Lai gan ofici\u0101li ZZS run\u0101 par \u201cvien\u0101du pieeju vis\u0101m lielaj\u0101m ost\u0101m\u201d, tie\u0161i Ventspils ir partijas priorit\u0101te. Ekonomikas ministrs tik akt\u012bvi iesaist\u012bjies jaut\u0101jum\u0101, ka gatavs p\u0101r\u0146em Satiksmes ministra darbu inform\u0113t vald\u012bbu par notieko\u0161o Ventspils ost\u0101 un p\u0101rmet Atim \u0160vinkam \u201c\u017e\u0113lo\u0161anos pa kaktiem\u201d.<\/p>\n<p>Tautsaimniec\u012bbas komisiju, kas skata str\u012bd\u012bgos groz\u012bjumus Ostu likum\u0101, vada biju\u0161ais Satiksmes ministrs Kaspars Bri\u0161kens. Vi\u0146\u0161 noraida p\u0101rmetumus, ka ostu likuma groz\u012bjumi iekritu\u0161i vi\u0146a atvilkn\u0113s un tur aizmirsti.<\/p>\n","protected":false},"excerpt":{"rendered":"Nek\u0101 person\u012bga zin\u0101ms, ka kop\u0161 pavasara Valsts kase, kuras p\u0101rvaldnieks no Finan\u0161u ministrijas iecelts ostas vald\u0113, Ventspilij jau&hellip;\n","protected":false},"author":2,"featured_media":19534,"comment_status":"","ping_status":"","sticky":false,"template":"","format":"standard","meta":{"footnotes":""},"categories":[12],"tags":[23,28,29,32,33,22,30,31,35,39,38,36,37,34,40,20,26,27,24,25,2988,21,666],"class_list":{"0":"post-19533","1":"post","2":"type-post","3":"status-publish","4":"format-standard","5":"has-post-thumbnail","7":"category-latvija","8":"tag-aktualitates","9":"tag-breaking-news","10":"tag-breakingnews","11":"tag-featured-news","12":"tag-featurednews","13":"tag-headlines","14":"tag-latest-news","15":"tag-latestnews","16":"tag-latvia","17":"tag-latvian","18":"tag-latviesu","19":"tag-latviesu-valoda","20":"tag-latviesuvaloda","21":"tag-latvija","22":"tag-lv","23":"tag-news","24":"tag-popularakas-zinas","25":"tag-popularakaszinas","26":"tag-top-stories","27":"tag-topstories","28":"tag-ventspils","29":"tag-zinas","30":"tag-zzs"},"share_on_mastodon":{"url":"","error":""},"_links":{"self":[{"href":"https:\/\/www.europesays.com\/lv\/wp-json\/wp\/v2\/posts\/19533","targetHints":{"allow":["GET"]}}],"collection":[{"href":"https:\/\/www.europesays.com\/lv\/wp-json\/wp\/v2\/posts"}],"about":[{"href":"https:\/\/www.europesays.com\/lv\/wp-json\/wp\/v2\/types\/post"}],"author":[{"embeddable":true,"href":"https:\/\/www.europesays.com\/lv\/wp-json\/wp\/v2\/users\/2"}],"replies":[{"embeddable":true,"href":"https:\/\/www.europesays.com\/lv\/wp-json\/wp\/v2\/comments?post=19533"}],"version-history":[{"count":0,"href":"https:\/\/www.europesays.com\/lv\/wp-json\/wp\/v2\/posts\/19533\/revisions"}],"wp:featuredmedia":[{"embeddable":true,"href":"https:\/\/www.europesays.com\/lv\/wp-json\/wp\/v2\/media\/19534"}],"wp:attachment":[{"href":"https:\/\/www.europesays.com\/lv\/wp-json\/wp\/v2\/media?parent=19533"}],"wp:term":[{"taxonomy":"category","embeddable":true,"href":"https:\/\/www.europesays.com\/lv\/wp-json\/wp\/v2\/categories?post=19533"},{"taxonomy":"post_tag","embeddable":true,"href":"https:\/\/www.europesays.com\/lv\/wp-json\/wp\/v2\/tags?post=19533"}],"curies":[{"name":"wp","href":"https:\/\/api.w.org\/{rel}","templated":true}]}}