{"id":19539,"date":"2025-10-12T21:48:11","date_gmt":"2025-10-12T21:48:11","guid":{"rendered":"https:\/\/www.europesays.com\/lv\/19539\/"},"modified":"2025-10-12T21:48:11","modified_gmt":"2025-10-12T21:48:11","slug":"zaudeta-spanijas-cempionata-spele-arturam-kurucam-17-punkti","status":"publish","type":"post","link":"https:\/\/www.europesays.com\/lv\/19539\/","title":{"rendered":"Zaud\u0113t\u0101 Sp\u0101nijas \u010dempion\u0101ta sp\u0113l\u0113 Art\u016bram Kurucam 17 punkti"},"content":{"rendered":"<p>Lugo vien\u012bba m\u0101j\u0101s ar 90:113 (27:19, 20:35, 27:30, 16:29) zaud\u0113ja &#8220;Valencia&#8221; basketbolistiem.<\/p>\n<p><a href=\"https:\/\/www.apollo.lv\/term\/563752\/arturs-kurucs\" class=\"topicLink\" target=\"_blank\" rel=\"nofollow noopener\">Art\u016brs Kurucs<\/a> sp\u0113l\u0113ja 23 min\u016btes un 28 sekundes, kuru laik\u0101 vi\u0146\u0161 realiz\u0113ja vienu no trijiem divu punktu metieniem un piecus no septi\u0146iem t\u0101lmetieniem. Vi\u0146a kont\u0101 ar\u012b viena atl\u0113kus\u012b bumba, viena k\u013c\u016bda, viena p\u0101rtverta bumba, tr\u012bs piez\u012bmes un viens izprovoc\u0113ts sods, nosl\u0113dzot ma\u010du ar +\/- r\u0101d\u012bt\u0101ju -21 un efektivit\u0101tes koeficientu devi\u0146i.<\/p>\n<p>Kam\u0113r latvietis bija otrs rezultat\u012bv\u0101kais starp m\u0101jinieki, &#8220;Rio Breogan&#8221; lab\u0101 19 punktus guva Fransisko Alonso, bet Valensijas vien\u012bb\u0101 ar 22 punktiem izc\u0113l\u0101s Haime Pradilja.<\/p>\n<p>Cit\u0101 ma\u010d\u0101 Rodiona Kuruca p\u0101rst\u0101v\u0113t\u0101 Vitorijas &#8220;Baskonia&#8221; sav\u0101 laukum\u0101 ar 105:100 (18:34, 31:24, 28:23, 28:19) uzvar\u0113ja Madrides &#8220;Real&#8221;, kuras pieteikum\u0101 nebija iek\u013cauts Gun\u0101rs Gr\u012bnvalds.<\/p>\n<p>Rodions Kurucs, kur\u0161 iedz\u012bvoj\u0101s savainojum\u0101, laukum\u0101 bija \u010detras min\u016btes un 24 sekundes un nopeln\u012bja divas piez\u012bmes.<\/p>\n<p>Jau zi\u0146ots, ka sv\u0113tdien Kristers Zoriks izc\u0113l\u0101s ar desmit g\u016btajiem punktiem un pal\u012bdz\u0113ja &#8220;Lleida&#8221; viesos ar 91:86 uzvar\u0113t &#8220;Barcelona&#8221;.<\/p>\n<p>Sestdien M\u0101rcis \u0160teinbergs izc\u0113l\u0101s ar asto\u0146iem punktiem, vi\u0146a p\u0101rst\u0101v\u0113tajai Manrezas &#8220;Baxi&#8221; sav\u0101 laukum\u0101 ar 83:68 p\u0101rsp\u0113jot &#8220;Granada&#8221; komandu. Cit\u0101 ma\u010d\u0101 Latvijas izlases trenera Sito Alonso vad\u012bt\u0101 Mursijas UCAM izbraukum\u0101 ar 93:71 bija p\u0101r\u0101ka p\u0101r &#8220;Girona&#8221; vien\u012bbu.<\/p>\n<p>Iepriek\u0161\u0113j\u0101 sezon\u0101 par Sp\u0101nijas \u010dempioni k\u013cuva Madrides &#8220;Real&#8221;, kas fin\u0101ls\u0113rij\u0101 ar 3-0 p\u0101rsp\u0113ja &#8220;Valencia&#8221;.<\/p>\n","protected":false},"excerpt":{"rendered":"Lugo vien\u012bba m\u0101j\u0101s ar 90:113 (27:19, 20:35, 27:30, 16:29) zaud\u0113ja &#8220;Valencia&#8221; basketbolistiem. Art\u016brs Kurucs sp\u0113l\u0113ja 23 min\u016btes un&hellip;\n","protected":false},"author":2,"featured_media":19540,"comment_status":"","ping_status":"","sticky":false,"template":"","format":"standard","meta":{"footnotes":""},"categories":[17],"tags":[6377,145,35,39,38,36,37,34,40,1670,67],"class_list":{"0":"post-19539","1":"post","2":"type-post","3":"status-publish","4":"format-standard","5":"has-post-thumbnail","7":"category-sports","8":"tag-arturs-kurucs","9":"tag-basketbols","10":"tag-latvia","11":"tag-latvian","12":"tag-latviesu","13":"tag-latviesu-valoda","14":"tag-latviesuvaloda","15":"tag-latvija","16":"tag-lv","17":"tag-spanija","18":"tag-sports"},"share_on_mastodon":{"url":"","error":""},"_links":{"self":[{"href":"https:\/\/www.europesays.com\/lv\/wp-json\/wp\/v2\/posts\/19539","targetHints":{"allow":["GET"]}}],"collection":[{"href":"https:\/\/www.europesays.com\/lv\/wp-json\/wp\/v2\/posts"}],"about":[{"href":"https:\/\/www.europesays.com\/lv\/wp-json\/wp\/v2\/types\/post"}],"author":[{"embeddable":true,"href":"https:\/\/www.europesays.com\/lv\/wp-json\/wp\/v2\/users\/2"}],"replies":[{"embeddable":true,"href":"https:\/\/www.europesays.com\/lv\/wp-json\/wp\/v2\/comments?post=19539"}],"version-history":[{"count":0,"href":"https:\/\/www.europesays.com\/lv\/wp-json\/wp\/v2\/posts\/19539\/revisions"}],"wp:featuredmedia":[{"embeddable":true,"href":"https:\/\/www.europesays.com\/lv\/wp-json\/wp\/v2\/media\/19540"}],"wp:attachment":[{"href":"https:\/\/www.europesays.com\/lv\/wp-json\/wp\/v2\/media?parent=19539"}],"wp:term":[{"taxonomy":"category","embeddable":true,"href":"https:\/\/www.europesays.com\/lv\/wp-json\/wp\/v2\/categories?post=19539"},{"taxonomy":"post_tag","embeddable":true,"href":"https:\/\/www.europesays.com\/lv\/wp-json\/wp\/v2\/tags?post=19539"}],"curies":[{"name":"wp","href":"https:\/\/api.w.org\/{rel}","templated":true}]}}