{"id":195408,"date":"2026-05-05T18:54:28","date_gmt":"2026-05-05T18:54:28","guid":{"rendered":"https:\/\/www.europesays.com\/lv\/195408\/"},"modified":"2026-05-05T18:54:28","modified_gmt":"2026-05-05T18:54:28","slug":"maskavas-iedzivotaji-bridinati-par-mobila-interneta-ierobezojumiem","status":"publish","type":"post","link":"https:\/\/www.europesays.com\/lv\/195408\/","title":{"rendered":"Maskavas iedz\u012bvot\u0101ji br\u012bdin\u0101ti par mobil\u0101 interneta ierobe\u017eojumiem"},"content":{"rendered":"<p>Laik\u0101 no 5. l\u012bdz 9. maijam var b\u016bt \u012bslaic\u012bgi ierobe\u017eojumi mobil\u0101 interneta un \u012bszi\u0146u darb\u012bb\u0101, br\u012bdina operatori.<\/p>\n<p>Raidorganiz\u0101cijas BBC krievu redakcija pag\u0101ju\u0161aj\u0101 ned\u0113\u013c\u0101 v\u0113st\u012bja, ka Maskav\u0101 pirms 9. maija tiks ieviesti stingri sakaru ierobe\u017eojumi.<\/p>\n<p>Paredzams, ka sakaru ierobe\u017eojumi b\u016bs sp\u0113k\u0101 ne tikai Maskavas centr\u0101, bet ar\u012b Maskavas apvedce\u013ca robe\u017e\u0101s, inform\u0113ja BBC avoti, no kuriem viens ir pietuvin\u0101ts telekomunik\u0101ciju uz\u0146\u0113mumam &#8220;Rostelekom&#8221;, bet otrs saist\u012bts ar citu telekomunik\u0101ciju operatoru.<\/p>\n<p>Marta s\u0101kum\u0101 Maskavas centr\u0101 s\u0101ka regul\u0101ri atsl\u0113gt mobilo internetu &#8211; nedarboj\u0101s navig\u0101cija, maks\u0101jumu termin\u0101\u013ci un pat maksas tualetes. Internets faktiski nebija pieejams tr\u012bs ned\u0113\u013cas, un 24. mart\u0101 tas tika atjaunots bez jebk\u0101da pazi\u0146ojuma vai paskaidrojuma.<\/p>\n<p>Krievijas Aizsardz\u012bbas ministrija pazi\u0146ojusi, ka 9. maija par\u0101d\u0113 Sarkanaj\u0101 laukum\u0101 nepiedal\u012bsies neviena milit\u0101r\u0101s tehnikas kolonna. Kremlis pazi\u0146oja, ka par\u0101de notiks &#8220;sa\u012bsin\u0101t\u0101 form\u0101t\u0101&#8221; Ukrainas &#8220;terorisma draudu&#8221; d\u0113\u013c.<\/p>\n<p>Ar 9. maija par\u0101di Maskav\u0101 tiek atz\u012bm\u0113ta t\u0101 d\u0113v\u0113t\u0101 Uzvaras diena, pieminot nacistisk\u0101s V\u0101cijas sak\u0101vi.<\/p>\n","protected":false},"excerpt":{"rendered":"Laik\u0101 no 5. l\u012bdz 9. maijam var b\u016bt \u012bslaic\u012bgi ierobe\u017eojumi mobil\u0101 interneta un \u012bszi\u0146u darb\u012bb\u0101, br\u012bdina operatori. Raidorganiz\u0101cijas&hellip;\n","protected":false},"author":2,"featured_media":195409,"comment_status":"","ping_status":"","sticky":false,"template":"","format":"standard","meta":{"footnotes":"","_share_on_mastodon":"0"},"categories":[14],"tags":[34690,23,57,28,29,32,33,22,234,30,31,35,39,38,36,37,34,40,20,26,27,24,25,54,55,56,21,58],"class_list":["post-195408","post","type-post","status-publish","format-standard","has-post-thumbnail","category-zinas-no-arvalstim","tag-9-maijs","tag-aktualitates","tag-arvalstim","tag-breaking-news","tag-breakingnews","tag-featured-news","tag-featurednews","tag-headlines","tag-krievija","tag-latest-news","tag-latestnews","tag-latvia","tag-latvian","tag-latviesu","tag-latviesu-valoda","tag-latviesuvaloda","tag-latvija","tag-lv","tag-news","tag-popularakas-zinas","tag-popularakaszinas","tag-top-stories","tag-topstories","tag-world","tag-world-news","tag-worldnews","tag-zinas","tag-zinas-no-arvalstim"],"share_on_mastodon":{"url":"https:\/\/pubeurope.com\/@lv\/116523490706421280","error":""},"_links":{"self":[{"href":"https:\/\/www.europesays.com\/lv\/wp-json\/wp\/v2\/posts\/195408","targetHints":{"allow":["GET"]}}],"collection":[{"href":"https:\/\/www.europesays.com\/lv\/wp-json\/wp\/v2\/posts"}],"about":[{"href":"https:\/\/www.europesays.com\/lv\/wp-json\/wp\/v2\/types\/post"}],"author":[{"embeddable":true,"href":"https:\/\/www.europesays.com\/lv\/wp-json\/wp\/v2\/users\/2"}],"replies":[{"embeddable":true,"href":"https:\/\/www.europesays.com\/lv\/wp-json\/wp\/v2\/comments?post=195408"}],"version-history":[{"count":0,"href":"https:\/\/www.europesays.com\/lv\/wp-json\/wp\/v2\/posts\/195408\/revisions"}],"wp:featuredmedia":[{"embeddable":true,"href":"https:\/\/www.europesays.com\/lv\/wp-json\/wp\/v2\/media\/195409"}],"wp:attachment":[{"href":"https:\/\/www.europesays.com\/lv\/wp-json\/wp\/v2\/media?parent=195408"}],"wp:term":[{"taxonomy":"category","embeddable":true,"href":"https:\/\/www.europesays.com\/lv\/wp-json\/wp\/v2\/categories?post=195408"},{"taxonomy":"post_tag","embeddable":true,"href":"https:\/\/www.europesays.com\/lv\/wp-json\/wp\/v2\/tags?post=195408"}],"curies":[{"name":"wp","href":"https:\/\/api.w.org\/{rel}","templated":true}]}}