{"id":1955,"date":"2025-09-22T13:52:10","date_gmt":"2025-09-22T13:52:10","guid":{"rendered":"https:\/\/www.europesays.com\/lv\/1955\/"},"modified":"2025-09-22T13:52:10","modified_gmt":"2025-09-22T13:52:10","slug":"piensaimnieki-pvn-samazinasana-lidz-12-piena-cenu-butiski-neietekmes-dienas-bizness","status":"publish","type":"post","link":"https:\/\/www.europesays.com\/lv\/1955\/","title":{"rendered":"Piensaimnieki: PVN samazin\u0101\u0161ana l\u012bdz 12% piena cenu b\u016btiski neietekm\u0113s :: Dienas Bizness"},"content":{"rendered":"<p class=\"text-font font-size--text-xlarge margin-3--bottom font-weight--bold padding-1--top\">Pievienot\u0101s v\u0113rt\u012bbas nodok\u013ca (PVN) samazin\u0101\u0161ana pienam l\u012bdz 12% situ\u0101ciju nozar\u0113 un piena cenu b\u016btiski neietekm\u0113s, past\u0101st\u012bja Latvijas Piensaimnieku centr\u0101l\u0101s savien\u012bbas valdes priek\u0161s\u0113d\u0113t\u0101js J\u0101nis \u0160olks, koment\u0113jot priek\u0161likumu no 2026.gada 1.j\u016blija l\u012bdz 2027.gada 30.j\u016bnijam samazin\u0101t PVN l\u012bdz 12% pienam, vistas ga\u013cai, ol\u0101m un maizei.<\/p>\n<p class=\"text-font font-size--text-xlarge margin-3--bottom\">Tom\u0113r vi\u0146\u0161 uzsv\u0113ra, ka tas ir solis pareizaj\u0101 virzien\u0101 un izteica cer\u012bbu, ka n\u0101kotn\u0113 Latvij\u0101 turpin\u0101s samazin\u0101t PVN \u0161iem produktiem, jo vis\u0101s Eiropas Savien\u012bbas valst\u012bs, iz\u0146emot Baltijas valstis un D\u0101niju, samazin\u0101tais PVN esot piem\u0113rots. T\u0101pat da\u017e\u0101s Eiropas valst\u012bs PVN \u0161iem produktiem netiek piem\u0113rots visp\u0101r.<\/p>\n<p class=\"text-font font-size--text-xlarge margin-3--bottom\">&#8220;Es to uztveru k\u0101 pirmo soli pareizaj\u0101 virzien\u0101,&#8221; sac\u012bja savien\u012bbas valdes priek\u0161s\u0113d\u0113t\u0101js.<\/p>\n<p class=\"text-font font-size--text-xlarge margin-3--bottom\">\u0160olks akcent\u0113ja, ka Latvij\u0101 vid\u0113ji dien\u0101 realiz\u0113 aptuveni 200 tonnas pasteriz\u0113ta piena, no kur\u0101m viet\u0113jie ra\u017eot\u0101ji sara\u017eo aptuveni 100 tonnas, bet p\u0101r\u0113jo apm\u0113ru tirgot\u0101ji ieg\u016bst no \u0101rzemju, tostarp Lietuvas un Igaunijas, ra\u017eot\u0101jiem, kas samazina Latvijas ra\u017eot\u0101ju konkur\u0113tsp\u0113ju.<\/p>\n<p class=\"text-font font-size--text-xlarge margin-3--bottom\">Samazin\u0101t\u0101s PVN likmes piem\u0113ro\u0161ana, vi\u0146apr\u0101t, iesp\u0113jams, var\u0113tu uzlabot viet\u0113jo ra\u017eot\u0101ju piena \u012bpatsvaru veikalos.<\/p>\n<p class=\"text-font font-size--text-xlarge margin-3--bottom\">Jau zi\u0146ots, ka piektdien, 19.septembr\u012b, apstiprin\u0101ts priek\u0161likums par PVN samazin\u0101\u0161anu maizei, pienam, ol\u0101m un svaigai m\u0101jputnu ga\u013cai, ko pilotprojekta veid\u0101 pl\u0101nots samazin\u0101t no 2026.gada 1.j\u016blija l\u012bdz 2027.gada 30.j\u016bnijam.<\/p>\n<p class=\"text-font font-size--text-xlarge margin-3--bottom\">\u0160iem produktiem tiks piem\u0113rota samazin\u0101t\u0101 12% PVN likme. Standarta PVN likme ir 21%.<\/p>\n<p class=\"text-font font-size--text-xlarge margin-3--bottom\">Izmai\u0146as PVN piem\u0113ro\u0161an\u0101 n\u0101kamgad samazin\u0101s valsts bud\u017eeta ie\u0146\u0113mumus par 15 miljoniem eiro, bet 2027.gad\u0101 &#8211; par 16,4 miljoniem eiro, teikts Finan\u0161u ministrijas (FM) vald\u012bb\u0101 iesniegtaj\u0101 informat\u012bvaj\u0101 zi\u0146ojum\u0101 &#8220;Par valsts bud\u017eeta likumprojekt\u0101 iek\u013caujamiem priorit\u0101rajiem pas\u0101kumiem 2026., 2027. un 2028.gadam&#8221;.<\/p>\n<p class=\"text-font font-size--text-xlarge margin-3--bottom\">ZZS Saeimas frakcijas vad\u012bt\u0101js Harijs Rokpelnis a\u0123ent\u016brai LETA iepriek\u0161 teica, ka Saeim\u0101 turpin\u0101sies diskusijas par iesp\u0113ju PVN pazemin\u0101to likmi noteikt ar\u012b c\u016bkga\u013cai.<\/p>\n<p class=\"text-font font-size--text-xlarge margin-3--bottom\">Saeim\u0101 2026.gada bud\u017eeta likumprojektu paketi paredz\u0113ts iesniegt 15.oktobr\u012b.<\/p>\n<p class=\"text-font font-size--text-xlarge margin-3--bottom\">Latvijas Piensaimnieku centr\u0101l\u0101 savien\u012bba ir kooperat\u012bvs, kura galvenais m\u0113r\u0137is ir aizst\u0101v\u0113t piena p\u0101rstr\u0101des uz\u0146\u0113mumu intereses. Patlaban kooperat\u012bv\u0101 ir 17 biedri, kas kop\u0101 p\u0101rstr\u0101d\u0101 apm\u0113ram 80% no Latvij\u0101 r\u016bpnieciski p\u0101rstr\u0101d\u0101t\u0101 piena.<\/p>\n","protected":false},"excerpt":{"rendered":"Pievienot\u0101s v\u0113rt\u012bbas nodok\u013ca (PVN) samazin\u0101\u0161ana pienam l\u012bdz 12% situ\u0101ciju nozar\u0113 un piena cenu b\u016btiski neietekm\u0113s, past\u0101st\u012bja Latvijas Piensaimnieku&hellip;\n","protected":false},"author":2,"featured_media":1956,"comment_status":"","ping_status":"","sticky":false,"template":"","format":"standard","meta":{"footnotes":""},"categories":[12],"tags":[23,869,77,870,28,29,867,32,33,22,30,31,35,39,38,36,37,34,871,868,40,20,26,27,24,25,21],"class_list":{"0":"post-1955","1":"post","2":"type-post","3":"status-publish","4":"format-standard","5":"has-post-thumbnail","7":"category-latvija","8":"tag-aktualitates","9":"tag-biznesa-zinas","10":"tag-bizness","11":"tag-bizness-latvija","12":"tag-breaking-news","13":"tag-breakingnews","14":"tag-dienas-zinas","15":"tag-featured-news","16":"tag-featurednews","17":"tag-headlines","18":"tag-latest-news","19":"tag-latestnews","20":"tag-latvia","21":"tag-latvian","22":"tag-latviesu","23":"tag-latviesu-valoda","24":"tag-latviesuvaloda","25":"tag-latvija","26":"tag-latvijas-biznesa-zinas","27":"tag-latvijas-zinas","28":"tag-lv","29":"tag-news","30":"tag-popularakas-zinas","31":"tag-popularakaszinas","32":"tag-top-stories","33":"tag-topstories","34":"tag-zinas"},"share_on_mastodon":{"url":"","error":""},"_links":{"self":[{"href":"https:\/\/www.europesays.com\/lv\/wp-json\/wp\/v2\/posts\/1955","targetHints":{"allow":["GET"]}}],"collection":[{"href":"https:\/\/www.europesays.com\/lv\/wp-json\/wp\/v2\/posts"}],"about":[{"href":"https:\/\/www.europesays.com\/lv\/wp-json\/wp\/v2\/types\/post"}],"author":[{"embeddable":true,"href":"https:\/\/www.europesays.com\/lv\/wp-json\/wp\/v2\/users\/2"}],"replies":[{"embeddable":true,"href":"https:\/\/www.europesays.com\/lv\/wp-json\/wp\/v2\/comments?post=1955"}],"version-history":[{"count":0,"href":"https:\/\/www.europesays.com\/lv\/wp-json\/wp\/v2\/posts\/1955\/revisions"}],"wp:featuredmedia":[{"embeddable":true,"href":"https:\/\/www.europesays.com\/lv\/wp-json\/wp\/v2\/media\/1956"}],"wp:attachment":[{"href":"https:\/\/www.europesays.com\/lv\/wp-json\/wp\/v2\/media?parent=1955"}],"wp:term":[{"taxonomy":"category","embeddable":true,"href":"https:\/\/www.europesays.com\/lv\/wp-json\/wp\/v2\/categories?post=1955"},{"taxonomy":"post_tag","embeddable":true,"href":"https:\/\/www.europesays.com\/lv\/wp-json\/wp\/v2\/tags?post=1955"}],"curies":[{"name":"wp","href":"https:\/\/api.w.org\/{rel}","templated":true}]}}