{"id":19579,"date":"2025-10-12T23:23:04","date_gmt":"2025-10-12T23:23:04","guid":{"rendered":"https:\/\/www.europesays.com\/lv\/19579\/"},"modified":"2025-10-12T23:23:04","modified_gmt":"2025-10-12T23:23:04","slug":"zans-kristofs-spinozi-diriges-lnso-unikala-koncertprogramma-riga-un-ventspili-lente-lv-4","status":"publish","type":"post","link":"https:\/\/www.europesays.com\/lv\/19579\/","title":{"rendered":"\u017dans Kristofs Spinozi diri\u0123\u0113s LNSO unik\u0101l\u0101 koncertprogramm\u0101 R\u012bg\u0101 un Ventspil\u012b\u00a0\u2014\u00a0Lente.lv"},"content":{"rendered":"<p>Ievads<\/p>\n<p>Latvijas Nacion\u0101lais simfoniskais or\u0137estris (LNSO) \u0161\u012b m\u0113ne\u0161a nogal\u0113, 26. un 27. septembr\u012b, aicina klaus\u012bt\u0101jus uz diviem grandioziem koncertiem R\u012bg\u0101 un Ventspil\u012b, kas sol\u0101s b\u016bt par vienu no sezonas spilgt\u0101kajiem m\u0101kslas notikumiem. Pirmo reizi Latvij\u0101 pie diri\u0123enta pults st\u0101sies izcilais fran\u010du maestro \u017dans Kristofs Spinozi, kur\u0161 ir starptautiski atz\u012bts diri\u0123ents un presti\u017e\u0101 Ensemble Matheus dibin\u0101t\u0101js, \u012bpa\u0161i godalgots par baroka un klasicisma laikmetu m\u016bzikas interpret\u0101cij\u0101m. Vi\u0146a diri\u0123\u0113\u0161anas stils ir dinamisks un aizraujo\u0161s, sp\u0113jot rad\u012bt nepiecie\u0161amo spriedzi un modin\u0101t m\u016bzi\u0137os jaunas idejas, lai pan\u0101ktu patiesi emocion\u0101lu izpild\u012bjumu.<\/p>\n<p>Koncertprogramma \u2013 Ce\u013cojums laikmetu griezum\u0101<\/p>\n<p>Koncertprogramma ar nosaukumu \u201cLNSO, Vasks, zelta baroks un For\u0113 Rekvi\u0113ms\u201d pied\u0101v\u0101 daudzpus\u012bgu muzik\u0101lu pieredzi, kur\u0101 savijas da\u017e\u0101du laikmetu un stilu \u0161edevri. T\u0101 ir aizraujo\u0161a muzik\u0101la pastaiga cauri gadsimtiem, pied\u0101v\u0101jot klaus\u012bt\u0101jiem gan baroka zelta laikmeta spo\u017eumu, gan laikmet\u012bgu medit\u0101ciju un romantisma liriku.<\/p>\n<p>Programmu atkl\u0101s LNSO 100. sezonas rezid\u0113jo\u0161\u0101 komponista P\u0113tera Vaska emocion\u0101li pies\u0101tin\u0101tais ska\u0146darbs \u201cCantabile\u201d st\u012bginstrumentiem (1979). \u0160is darbs, kas rad\u012bts, atz\u012bm\u0113jot LNSO 100. sezonu, ir k\u013cuvis par vienu no latvie\u0161u m\u016bzikas simboliem, pau\u017eot dzi\u013cas filozofiskas p\u0101rdomas un pasaules harmoniju. Vaska ska\u0146darba filozofisko un muzik\u0101lo domu nomain\u012bs Antonio Vivaldi dai\u013crade \u2013 fragments \u201cSit nomen Domini\u201d no 112. psalmam velt\u012bt\u0101 cikla \u201cLaudate pueri\u201d. \u0160aj\u0101 ska\u0146darb\u0101 izcili skan\u0113s jaun\u0101s fran\u010du sopr\u0101na Ninas Spinozi, diri\u0123enta meitas, balss, elegant\u0101 sasp\u0113l\u0113 ar LNSO st\u012bgu grupu sniedzot neaizmirstamu baud\u012bjumu. Vivaldi \u201cLaudate Pueri\u201d tiek rakturots k\u0101 virtuozi izaicino\u0161s ska\u0146darbs, kas dat\u0113ts ap 1730. gadu.<\/p>\n<p>Koncerta pirmo da\u013cu nosl\u0113gs Johana Sebasti\u0101na Baha Koncerts klaves\u012bnam un or\u0137estrim re minor\u0101 BWV 1052. \u0160is darbs demonstr\u0113 baroka m\u016bzikai rakstur\u012bgo dramatisko spriegumu un melodisko izsmalcin\u0101t\u012bbu. Klaves\u012bna solo partiju izpild\u012bs talant\u012bg\u0101 latvie\u0161u klaves\u012bniste Ieva Saliete, kuras interpret\u0101cijas tiek augsti v\u0113rt\u0113tas par ori\u0123inalit\u0101ti un aizraut\u012bbu. Spinozi pats raksturojis Baha koncertu k\u0101 \u201caugst\u0101k\u0101 m\u0113r\u0101 gar\u012bgu m\u016bziku\u201d, kas sp\u0113j satricin\u0101t l\u012bdz sirds dzi\u013cumiem un liek aizdom\u0101ties par m\u016b\u017e\u012bbas un cilv\u0113ka eksistences jaut\u0101jumiem.<\/p>\n<p>Koncerta Kulmin\u0101cija \u2013 For\u0113 Rekvi\u0113ms<\/p>\n<p>Koncerta kulmin\u0101cij\u0101, otraj\u0101 da\u013c\u0101, klaus\u012bt\u0101jus sagaid\u012bs Gabriela For\u0113 monument\u0101lais \u201cRekvi\u0113ms\u201d. At\u0161\u0137ir\u012bb\u0101 no daudziem citiem \u0161\u012b \u017eanra darbiem, For\u0113 \u201cRekvi\u0113ms\u201d n\u0101ves t\u0113mu nevis pau\u017e k\u0101 s\u0113ras, bet gan k\u0101 p\u0101reju uz cer\u012bbu, gaismu un dv\u0113seles mieru, radot pacil\u0101jo\u0161u un mierpilnu atmosf\u0113ru. Gabriels For\u0113 pats savu darbu raksturojis k\u0101 \u201cmiera rekvi\u0113mu\u201d, un tas tiek uzskat\u012bts par vienu no pasaul\u0113 visvair\u0101k atska\u0146otaj\u0101m piemi\u0146as mes\u0101m. Vi\u0146a skat\u012bjums uz n\u0101vi ir p\u0101rsteidzo\u0161i mierpilns, pied\u0101v\u0101jot cer\u012bbu uz m\u016b\u017e\u012bgu dz\u012bvo\u0161anu cit\u0101 \u2013 laimes piln\u0101 pasaul\u0113.<\/p>\n<p>\u0160o izcilo ska\u0146darbu atska\u0146os Latvijas Nacion\u0101lais simfoniskais or\u0137estris kop\u0101 ar Valsts Akad\u0113misko kori \u201cLatvija\u201d, k\u0101 ar\u012b solisti \u2013 sopr\u0101ns Nina Spinozi un norv\u0113\u0123u baritons Halvors Meliens. Halvors Meliens ir bie\u017es viesis Eiropas koncertz\u0101l\u0113s un oper\u0101s, \u012bpa\u0161u uzman\u012bbu piev\u0113r\u0161ot baroka m\u016bzikai un v\u0101cu vok\u0101lajai kamerm\u016bzikai.<\/p>\n<p>Izcilie M\u0101kslinieki<\/p>\n<p>Par\u012bzes Ensemble Matheus dibin\u0101t\u0101js un m\u0101kslinieciskais vad\u012bt\u0101js \u017dans Kristofs Spinozi ir atz\u012bts par savu dinamisko un aizraujo\u0161o diri\u0123\u0113\u0161anas stilu, kas sp\u0113j modin\u0101t m\u016bzi\u0137os jaunas idejas un pan\u0101kt patiesi emocion\u0101lu izpild\u012bjumu. Vi\u0146a karjera vedusi vi\u0146u pie pasaules vado\u0161ajiem or\u0137estriem, uzst\u0101joties presti\u017e\u0101kaj\u0101s koncertz\u0101l\u0113s. Fran\u010du sopr\u0101ns Nina Spinozi, dzimusi m\u016bzi\u0137u \u0123imen\u0113, ir paz\u012bstama ar savu dal\u012bbu oper\u0101s un koncertos, atveidojot lomas da\u017e\u0101du komponistu darbos. Klaves\u012bniste Ieva Saliete ir ieguvusi Lielo m\u016bzikas balvu par izcilu darbu ansambl\u012b un ir paz\u012bstama ar savu sp\u0113li Eiropas lab\u0101kajos sen\u0101s m\u016bzikas or\u0137estros. Norv\u0113\u0123u baritons Halvors Meliens ir bie\u017es viesis Eiropas koncertz\u0101l\u0113s un oper\u0101s, \u012bpa\u0161u uzman\u012bbu piev\u0113r\u0161ot baroka m\u016bzikai un v\u0101cu vok\u0101lajai kamerm\u016bzikai.<\/p>\n<p>Koncertu Norises Vieta un Laiks<\/p>\n<p>Koncerti notiks piektdien, 26. septembr\u012b, plkst. 19.00 R\u012bgas Kongresu nam\u0101 un sestdien, 27. septembr\u012b, plkst. 17.00 Ventspils koncertz\u0101l\u0113 \u201cLatvija\u201d.<\/p>\n","protected":false},"excerpt":{"rendered":"Ievads Latvijas Nacion\u0101lais simfoniskais or\u0137estris (LNSO) \u0161\u012b m\u0113ne\u0161a nogal\u0113, 26. un 27. septembr\u012b, aicina klaus\u012bt\u0101jus uz diviem grandioziem&hellip;\n","protected":false},"author":2,"featured_media":19580,"comment_status":"","ping_status":"","sticky":false,"template":"","format":"standard","meta":{"footnotes":""},"categories":[19],"tags":[896,89,90,2527,104,35,39,38,36,37,34,5365,40,2922],"class_list":{"0":"post-19579","1":"post","2":"type-post","3":"status-publish","4":"format-standard","5":"has-post-thumbnail","7":"category-izklaide","8":"tag-baroka-muzika","9":"tag-entertainment","10":"tag-izklaide","11":"tag-klasiska-muzika","12":"tag-koncertprogramma","13":"tag-latvia","14":"tag-latvian","15":"tag-latviesu","16":"tag-latviesu-valoda","17":"tag-latviesuvaloda","18":"tag-latvija","19":"tag-lnso","20":"tag-lv","21":"tag-zans-kristofs-spinozi"},"share_on_mastodon":{"url":"","error":""},"_links":{"self":[{"href":"https:\/\/www.europesays.com\/lv\/wp-json\/wp\/v2\/posts\/19579","targetHints":{"allow":["GET"]}}],"collection":[{"href":"https:\/\/www.europesays.com\/lv\/wp-json\/wp\/v2\/posts"}],"about":[{"href":"https:\/\/www.europesays.com\/lv\/wp-json\/wp\/v2\/types\/post"}],"author":[{"embeddable":true,"href":"https:\/\/www.europesays.com\/lv\/wp-json\/wp\/v2\/users\/2"}],"replies":[{"embeddable":true,"href":"https:\/\/www.europesays.com\/lv\/wp-json\/wp\/v2\/comments?post=19579"}],"version-history":[{"count":0,"href":"https:\/\/www.europesays.com\/lv\/wp-json\/wp\/v2\/posts\/19579\/revisions"}],"wp:featuredmedia":[{"embeddable":true,"href":"https:\/\/www.europesays.com\/lv\/wp-json\/wp\/v2\/media\/19580"}],"wp:attachment":[{"href":"https:\/\/www.europesays.com\/lv\/wp-json\/wp\/v2\/media?parent=19579"}],"wp:term":[{"taxonomy":"category","embeddable":true,"href":"https:\/\/www.europesays.com\/lv\/wp-json\/wp\/v2\/categories?post=19579"},{"taxonomy":"post_tag","embeddable":true,"href":"https:\/\/www.europesays.com\/lv\/wp-json\/wp\/v2\/tags?post=19579"}],"curies":[{"name":"wp","href":"https:\/\/api.w.org\/{rel}","templated":true}]}}