{"id":19596,"date":"2025-10-13T00:31:06","date_gmt":"2025-10-13T00:31:06","guid":{"rendered":"https:\/\/www.europesays.com\/lv\/19596\/"},"modified":"2025-10-13T00:31:06","modified_gmt":"2025-10-13T00:31:06","slug":"izlases-futbolists-varslavans-atklati-atbild-vai-latvija-ir-viena-limeni-ar-andoru-apollo-lv","status":"publish","type":"post","link":"https:\/\/www.europesays.com\/lv\/19596\/","title":{"rendered":"Izlases futbolists Varslav\u0101ns atkl\u0101ti atbild: vai Latvija ir vien\u0101 l\u012bmen\u012b ar Andoru? &#8211; Apollo.lv"},"content":{"rendered":"<ol>\n<li><a href=\"https:\/\/news.google.com\/rss\/articles\/CBMisgFBVV95cUxNQ2FoQnR2ek55NjRfbEJZeXVET1ltbUhrcU9PWU9iRU0wYW9VZzY2UWV4anZ5MklYSERLTnJLUXNLa0szbEQ5YkxXWFIwTmpIVVBpWENBcUZBXzZJLVNHS3dfN19EaFBwT2o2MDZ6N2pxX0NSNHJXdjR6dWtqYWdoMDlReGhFb1p1NXg5VWRHcGRqVm1QTEdYSVQzZmtzUWFwWUFKNl9ZeXdGajYxZnhTN1ZB?oc=5\" target=\"_blank\" rel=\"nofollow noopener\">Izlases futbolists Varslav\u0101ns atkl\u0101ti atbild: vai Latvija ir vien\u0101 l\u012bmen\u012b ar Andoru?<\/a>&nbsp;&nbsp;Apollo.lv<\/li>\n<li><a href=\"https:\/\/news.google.com\/rss\/articles\/CBMi8wFBVV95cUxQMW93NzRLSlM3aEE3RjlESjRwOGY4X213aGd2TTZpQ3ZXSm1JTXpRY0lGblUtVXN6bnVZcWxWMVpPX3dxenh4T0xaWi1LZVRIX19nV2x0bjNFaDRDVGE1RFlBeFdNa0ZvSEJzV2pJd0dzY0cyN0g1c1kzcTctRkoxMmpCMmppQVI1c2RzMVY3SElEZkVqa2xpYkJnTjZQWlplOWZ5c1B1Y0RkY2MtSkE3N240eFlVWjlpNVczQVBORDBuVWxwT0FsMHdGOXNscjdiQkFBMnhvbXdQbWR2Ri1kelJzaHNPVTBrWjZBMEd1T1F3aWs?oc=5\" target=\"_blank\" rel=\"nofollow noopener\">Latvijas izlase nenotur p\u0101rsvaru, pret Andoras futbolistiem g\u016bst r\u016bgtu neiz\u0161\u0137irtu. Spilgt\u0101kie notikumi<\/a>&nbsp;&nbsp;LSM<\/li>\n<li><a href=\"https:\/\/news.google.com\/rss\/articles\/CBMi3gFBVV95cUxQOTV4Y21tajZEdjhsTGNOUnF0NFZLdjZqajZHbk5VMHU5al9jc0FjSV9PV1haTTU5OUxTc1dLczBlZWtpYm16UDBxM3pPLWZfaFBNeDIyWWxKYXNpakFZclQxM1o1YUJDY1VNdXFZWGJ6TnRLZ2NjYVdURkpqNlNYRDRHZUljWlNNWDUtdGowd0tkdDBxd2RvNkZfNjNyVjhBWHNvbVdMemRWdExCT2ZrSll4Q0VxVnVPcTVlS2JQTEo1VU9Rb0hxN0l6U1pCVi1yNXpQTnl4UkI5NDU4MHc?oc=5\" target=\"_blank\" rel=\"nofollow noopener\">&#8220;\u0160obr\u012bd t\u0101ds ir m\u016bsu l\u012bmenis&#8230;&#8221; \u2013 Nikolato koment\u0113 komandas pietic\u012bgo sniegumu sp\u0113l\u0113 pret Andoru<\/a>&nbsp;&nbsp;Delfi<\/li>\n<li><a href=\"https:\/\/news.google.com\/rss\/articles\/CBMimgFBVV95cUxQWWE5Z1pQN0FxRXlWNUJJLVc0RlhIcGpOUXhmQkk1RGt2MWJpQkFhVUVaeFNsUHd3Uzc3ck1zc0ZKcDR4UXpxdHg4Z290eENSTlVIS2pVbm51a0VkR214T2gzbDZFTVc4RnU0T09xbkRSeHZEemVPc0Vhbmt0QUk3cERJTE1fb0xndlNRNElCTDV3TjRjSF9pdzFn?oc=5\" target=\"_blank\" rel=\"nofollow noopener\">Latvijas futbolisti PK kvalifik\u0101cijas ma\u010d\u0101 sp\u0113kosies ar Andoru<\/a>&nbsp;&nbsp;TVNET Sports<\/li>\n<li><a href=\"https:\/\/news.google.com\/rss\/articles\/CBMiwwFBVV95cUxPemFIcWgtcml1M3l4ekJWdFhDNGRjXzIzelFzUWdkNVAzWmpJQm5tU2RzTFMxdmRCVFpaM1ZLa1VpR1JoZ2hQT19BemdlOHlZTExSVTl4VVpqMERpdlAyaXJVWHBuMkZlQTBVbHo3bUpYNHNHc2twZ1N1NU1JYUE1LS01ZF8xX1l6OEE2RVBJT0gyT3VHTTJTMnptYlFJMW15Y3oxTW9NWXVfZnhrRjhUZFhzYlZxbWhUY1QxWUVvV3ZsZ1U?oc=5\" target=\"_blank\" rel=\"nofollow noopener\">Nikolato vad\u012bb\u0101 pirmo reizi g\u016bstam divus v\u0101rtus, uzvarai pret Andoru ar to gan nepietiek<\/a>&nbsp;&nbsp;Jauns.lv<\/li>\n<\/ol>\n","protected":false},"excerpt":{"rendered":"Izlases futbolists Varslav\u0101ns atkl\u0101ti atbild: vai Latvija ir vien\u0101 l\u012bmen\u012b ar Andoru?&nbsp;&nbsp;Apollo.lv Latvijas izlase nenotur p\u0101rsvaru, pret Andoras&hellip;\n","protected":false},"author":2,"featured_media":19597,"comment_status":"","ping_status":"","sticky":false,"template":"","format":"standard","meta":{"footnotes":""},"categories":[5],"tags":[23,28,29,32,33,714,676,715,22,30,31,35,39,38,36,37,34,4016,40,20,26,27,24,25,1324,21],"class_list":{"0":"post-19596","1":"post","2":"type-post","3":"status-publish","4":"format-standard","5":"has-post-thumbnail","7":"category-aktualitates","8":"tag-aktualitates","9":"tag-breaking-news","10":"tag-breakingnews","11":"tag-featured-news","12":"tag-featurednews","13":"tag-futbola-jaunumi","14":"tag-futbols","15":"tag-futbols-latvija","16":"tag-headlines","17":"tag-latest-news","18":"tag-latestnews","19":"tag-latvia","20":"tag-latvian","21":"tag-latviesu","22":"tag-latviesu-valoda","23":"tag-latviesuvaloda","24":"tag-latvija","25":"tag-latvijas-futbola-izlase","26":"tag-lv","27":"tag-news","28":"tag-popularakas-zinas","29":"tag-popularakaszinas","30":"tag-top-stories","31":"tag-topstories","32":"tag-tvnet-sports","33":"tag-zinas"},"share_on_mastodon":{"url":"","error":""},"_links":{"self":[{"href":"https:\/\/www.europesays.com\/lv\/wp-json\/wp\/v2\/posts\/19596","targetHints":{"allow":["GET"]}}],"collection":[{"href":"https:\/\/www.europesays.com\/lv\/wp-json\/wp\/v2\/posts"}],"about":[{"href":"https:\/\/www.europesays.com\/lv\/wp-json\/wp\/v2\/types\/post"}],"author":[{"embeddable":true,"href":"https:\/\/www.europesays.com\/lv\/wp-json\/wp\/v2\/users\/2"}],"replies":[{"embeddable":true,"href":"https:\/\/www.europesays.com\/lv\/wp-json\/wp\/v2\/comments?post=19596"}],"version-history":[{"count":0,"href":"https:\/\/www.europesays.com\/lv\/wp-json\/wp\/v2\/posts\/19596\/revisions"}],"wp:featuredmedia":[{"embeddable":true,"href":"https:\/\/www.europesays.com\/lv\/wp-json\/wp\/v2\/media\/19597"}],"wp:attachment":[{"href":"https:\/\/www.europesays.com\/lv\/wp-json\/wp\/v2\/media?parent=19596"}],"wp:term":[{"taxonomy":"category","embeddable":true,"href":"https:\/\/www.europesays.com\/lv\/wp-json\/wp\/v2\/categories?post=19596"},{"taxonomy":"post_tag","embeddable":true,"href":"https:\/\/www.europesays.com\/lv\/wp-json\/wp\/v2\/tags?post=19596"}],"curies":[{"name":"wp","href":"https:\/\/api.w.org\/{rel}","templated":true}]}}