{"id":196674,"date":"2026-05-07T07:10:22","date_gmt":"2026-05-07T07:10:22","guid":{"rendered":"https:\/\/www.europesays.com\/lv\/196674\/"},"modified":"2026-05-07T07:10:22","modified_gmt":"2026-05-07T07:10:22","slug":"muziga-uguns-daugavpili-bus-norobezota-ari-9-maija","status":"publish","type":"post","link":"https:\/\/www.europesays.com\/lv\/196674\/","title":{"rendered":"&#8220;M\u016b\u017e\u012bg\u0101 uguns&#8221; Daugavpil\u012b b\u016bs norobe\u017eota ar\u012b 9. maij\u0101"},"content":{"rendered":"<p>Daugavpil\u012b, Dubrovina parka apkaim\u0113, no 8. maija pulksten 17 l\u012bdz 10. maija plkst. 9 b\u016bs noteikti satiksmes ierobe\u017eojumi. \u0145emot v\u0113r\u0101, ka VP turpin\u0101s resorisk\u0101 p\u0101rbaude saist\u012bb\u0101 ar uzliesmojumu Dubrovina park\u0101 febru\u0101r\u012b, dro\u0161\u012bbas apsv\u0113rumu d\u0113\u013c notikuma vieta b\u016bs norobe\u017eota. Vienlaikus iedz\u012bvot\u0101jiem tiks nodro\u0161in\u0101ta iesp\u0113ja piek\u013c\u016bt apbed\u012bjuma vietas tuvum\u0101. Apmekl\u0113jot Dubrovina parku, VP aicina sekot policijas darbinieku nor\u0101d\u012bjumiem.<\/p>\n<p>Iedz\u012bvot\u0101ji, kuru r\u012bc\u012bb\u0101 ir inform\u0101cija par 9. maij\u0101 pl\u0101not\u0101m provok\u0101cij\u0101m &#8211; demonstrat\u012bv\u0101m vai izaicino\u0161\u0101m darb\u012bb\u0101m nol\u016bk\u0101 \u0161\u0137elt sabiedr\u012bbu vai izplat\u012bt Krievijas interes\u0113m atbilsto\u0161us v\u0113st\u012bjumus &#8211; aicin\u0101ti sniegt \u0161o inform\u0101ciju Valsts dro\u0161\u012bbas dienestam. Savuk\u0101rt k\u013c\u016bstot par liecinieku \u0161\u0101d\u0101m aktivit\u0101t\u0113m 9. maij\u0101, iedz\u012bvot\u0101ji ir aicin\u0101ti par t\u0101m inform\u0113t VP.<\/p>\n<p>Daugavpils pa\u0161vald\u012bb\u0101 a\u0123ent\u016brai LETA apliecin\u0101ja, ka publiski pas\u0101kumi vai m\u012bti\u0146i pils\u0113t\u0101 9. maij\u0101 nav pieteikti.<\/p>\n<p>Jau zi\u0146ots, ka t\u0101 saukt\u0101s &#8220;m\u016b\u017e\u012bg\u0101s uguns&#8221; apkopes laik\u0101 febru\u0101r\u012b Dubrovina park\u0101 Daugavpil\u012b notika spr\u0101dziens un cieta cilv\u0113ks. Daugavpils pa\u0161vald\u012bbas <a href=\"https:\/\/www.tvnet.lv\/term\/565901\/policija\" class=\"topicLink\" target=\"_blank\" rel=\"nofollow noopener\">policija<\/a> v\u0113st\u012bja, ka, iesp\u0113jams, g\u0101zes nopl\u016bdes rezult\u0101t\u0101 notika eksplozija.<\/p>\n","protected":false},"excerpt":{"rendered":"Daugavpil\u012b, Dubrovina parka apkaim\u0113, no 8. maija pulksten 17 l\u012bdz 10. maija plkst. 9 b\u016bs noteikti satiksmes ierobe\u017eojumi.&hellip;\n","protected":false},"author":2,"featured_media":196675,"comment_status":"","ping_status":"","sticky":false,"template":"","format":"standard","meta":{"footnotes":"","_share_on_mastodon":"0"},"categories":[12],"tags":[34690,23,28,29,32,33,22,30,31,35,39,38,36,37,34,40,20,163,26,27,24,25,138,21],"class_list":["post-196674","post","type-post","status-publish","format-standard","has-post-thumbnail","category-latvija","tag-9-maijs","tag-aktualitates","tag-breaking-news","tag-breakingnews","tag-featured-news","tag-featurednews","tag-headlines","tag-latest-news","tag-latestnews","tag-latvia","tag-latvian","tag-latviesu","tag-latviesu-valoda","tag-latviesuvaloda","tag-latvija","tag-lv","tag-news","tag-policija","tag-popularakas-zinas","tag-popularakaszinas","tag-top-stories","tag-topstories","tag-valsts-policija","tag-zinas"],"share_on_mastodon":{"url":"https:\/\/pubeurope.com\/@lv\/116532046939048381","error":""},"_links":{"self":[{"href":"https:\/\/www.europesays.com\/lv\/wp-json\/wp\/v2\/posts\/196674","targetHints":{"allow":["GET"]}}],"collection":[{"href":"https:\/\/www.europesays.com\/lv\/wp-json\/wp\/v2\/posts"}],"about":[{"href":"https:\/\/www.europesays.com\/lv\/wp-json\/wp\/v2\/types\/post"}],"author":[{"embeddable":true,"href":"https:\/\/www.europesays.com\/lv\/wp-json\/wp\/v2\/users\/2"}],"replies":[{"embeddable":true,"href":"https:\/\/www.europesays.com\/lv\/wp-json\/wp\/v2\/comments?post=196674"}],"version-history":[{"count":0,"href":"https:\/\/www.europesays.com\/lv\/wp-json\/wp\/v2\/posts\/196674\/revisions"}],"wp:featuredmedia":[{"embeddable":true,"href":"https:\/\/www.europesays.com\/lv\/wp-json\/wp\/v2\/media\/196675"}],"wp:attachment":[{"href":"https:\/\/www.europesays.com\/lv\/wp-json\/wp\/v2\/media?parent=196674"}],"wp:term":[{"taxonomy":"category","embeddable":true,"href":"https:\/\/www.europesays.com\/lv\/wp-json\/wp\/v2\/categories?post=196674"},{"taxonomy":"post_tag","embeddable":true,"href":"https:\/\/www.europesays.com\/lv\/wp-json\/wp\/v2\/tags?post=196674"}],"curies":[{"name":"wp","href":"https:\/\/api.w.org\/{rel}","templated":true}]}}