{"id":196726,"date":"2026-05-07T08:05:15","date_gmt":"2026-05-07T08:05:15","guid":{"rendered":"https:\/\/www.europesays.com\/lv\/196726\/"},"modified":"2026-05-07T08:05:15","modified_gmt":"2026-05-07T08:05:15","slug":"notver-divus-latvijas-robezu-nelikumigi-skersojusos-parvadatajus-un-15-cilvekus-delfi","status":"publish","type":"post","link":"https:\/\/www.europesays.com\/lv\/196726\/","title":{"rendered":"Notver divus Latvijas robe\u017eu nelikum\u012bgi \u0161\u0137\u0113rsoju\u0161os p\u0101rvad\u0101t\u0101jus un 15 cilv\u0113kus &#8211; Delfi"},"content":{"rendered":"<ol>\n<li><a href=\"https:\/\/news.google.com\/rss\/articles\/CBMivwFBVV95cUxNOUNPZFN6ODA4NUtZUjVoR0lVeEpOVVdNU1VNbHRteGFHaWZVZ0JoV1d1c1pJZXV4akhTcXN0TnhmUGxPckVHa3FUUDQwT2g0TENGRFJHalFIeFlWN25iVXhHZmxtOE5sS3FjYmlTMHRFZU0xZ3kzb3ktWWRtaWZ1ZW5oeUZka0R1VG9KN1dZa254UjliX0UxS3RobV8xRjJ2WEVITG44dWtlVVpkWFlIMU5fbzQxZ1RsV1dBT2JZbw?oc=5\" target=\"_blank\" rel=\"nofollow noopener\">Notver divus Latvijas robe\u017eu nelikum\u012bgi \u0161\u0137\u0113rsoju\u0161os p\u0101rvad\u0101t\u0101jus un 15 cilv\u0113kus<\/a>&nbsp;&nbsp;Delfi<\/li>\n<li><a href=\"https:\/\/news.google.com\/rss\/articles\/CBMiwwFBVV95cUxPX1pHNWpIZHFFaHpIMW9RcFNhaWdoUFQxLXM4WDdnQmpfbFM4Vm9NeXJzRVFxc1NZV0cyWFl4dFpOWXpHeGVXcjdyWlFENlNMN3J6VjBfUlhVVG1MMHNiakhwc1A5NDVmSHZ0aGpVUzlseHZRaXlLSGNMckdQazJYZ2pTNUMyOW5xRGFlal9zLUpXOG5PV0FQeGtLQlpXdXFyUFNVQU1RNTJBR1RCU0FSNEZ3dDZ3YjZVa05JcE1pNDlVWnM?oc=5\" target=\"_blank\" rel=\"nofollow noopener\">Cilv\u0113ki sab\u0101zti pat bag\u0101\u017eniek\u0101! Robe\u017esargi notver k\u0101rt\u0113jos neleg\u0101lo migrantu p\u0101rvad\u0101t\u0101jus<\/a>&nbsp;&nbsp;Jauns.lv<\/li>\n<li><a href=\"https:\/\/news.google.com\/rss\/articles\/CBMibkFVX3lxTE1vNlNaZDVyeUZ3SHhNWDI3UVpFbkRJdGhRbmc2WnhfSkV3Q0tFTmVqX2hRb3BFbk5SbkVlV29rYlhyWjIxNWE1WFZoVkc4Rk44WGJ5VmpKWlBRT3UySk4zZ3o5NHQydi1BT2xUeUhn?oc=5\" target=\"_blank\" rel=\"nofollow noopener\">Panor\u0101ma \/ 06.05.2026<\/a>&nbsp;&nbsp;REplay.lv<\/li>\n<li><a href=\"https:\/\/news.google.com\/rss\/articles\/CBMilwFBVV95cUxNLVRqRTJzenZsSGMxVE1VbmRObHFmVTVmbWlNU0NCNGxGUFliLU5ZWWJLdS1zemUzZ2VlVGp6QlVsQTBFZkRJLVBUUUtLNkZrbEg4SE1EWkNhbHRLRVN2aHI4WHFDWGU0d1ZuRHVYeGlFX0FxdllteURMNU1MQWZNcXpFRzlfMTZmZG9oQ2tMT1pjS0diOXlz?oc=5\" target=\"_blank\" rel=\"nofollow noopener\">Aiztur\u0113ti k\u0101rt\u0113jie nelikum\u012bgi valsts robe\u017eu \u0161\u0137\u0113rsoju\u0161u personu p\u0101rvad\u0101t\u0101ji<\/a>&nbsp;&nbsp;LA.LV<\/li>\n<li><a href=\"https:\/\/news.google.com\/rss\/articles\/CBMisgFBVV95cUxPbE9SSGExM1lzelpjczB4c2xfVUQwenA1dVpWOS0zYjNtYWl3ZGNEUlZodHZDT1NTZFJyNjBGN0JrdGdaYVV2ZjhVeHl6NWJJMllXZDNZdHNteERKa1VYcWhNd1JZOG5WU2puYWY5Zk43OElmYXRoVWtzTXkyb0ZzZWNoeTZJZHZ2NGhrU1B4VTdsQTZiZlpfRkRiZ1N0a0dHZ1hXa2lHTUhuMDlXZTZXSXJR?oc=5\" target=\"_blank\" rel=\"nofollow noopener\">Vakar nov\u0113rsti 50 neleg\u0101lo migrantu m\u0113\u0123in\u0101jumi \u0161\u0137\u0113rsot robe\u017eu<\/a>&nbsp;&nbsp;Diena<\/li>\n<\/ol>\n","protected":false},"excerpt":{"rendered":"Notver divus Latvijas robe\u017eu nelikum\u012bgi \u0161\u0137\u0113rsoju\u0161os p\u0101rvad\u0101t\u0101jus un 15 cilv\u0113kus&nbsp;&nbsp;Delfi Cilv\u0113ki sab\u0101zti pat bag\u0101\u017eniek\u0101! Robe\u017esargi notver k\u0101rt\u0113jos neleg\u0101lo&hellip;\n","protected":false},"author":2,"featured_media":196727,"comment_status":"","ping_status":"","sticky":false,"template":"","format":"standard","meta":{"footnotes":"","_share_on_mastodon":"0"},"categories":[5],"tags":[23,16477,28,29,168,32,33,22,30,31,35,39,38,36,37,34,40,7957,20,26,27,6542,24,25,21],"class_list":["post-196726","post","type-post","status-publish","format-standard","has-post-thumbnail","category-aktualitates","tag-aktualitates","tag-augsdaugavas-novads","tag-breaking-news","tag-breakingnews","tag-daugavpils","tag-featured-news","tag-featurednews","tag-headlines","tag-latest-news","tag-latestnews","tag-latvia","tag-latvian","tag-latviesu","tag-latviesu-valoda","tag-latviesuvaloda","tag-latvija","tag-lv","tag-migracija","tag-news","tag-popularakas-zinas","tag-popularakaszinas","tag-robezsardze","tag-top-stories","tag-topstories","tag-zinas"],"share_on_mastodon":{"url":"https:\/\/pubeurope.com\/@lv\/116532263649752819","error":""},"_links":{"self":[{"href":"https:\/\/www.europesays.com\/lv\/wp-json\/wp\/v2\/posts\/196726","targetHints":{"allow":["GET"]}}],"collection":[{"href":"https:\/\/www.europesays.com\/lv\/wp-json\/wp\/v2\/posts"}],"about":[{"href":"https:\/\/www.europesays.com\/lv\/wp-json\/wp\/v2\/types\/post"}],"author":[{"embeddable":true,"href":"https:\/\/www.europesays.com\/lv\/wp-json\/wp\/v2\/users\/2"}],"replies":[{"embeddable":true,"href":"https:\/\/www.europesays.com\/lv\/wp-json\/wp\/v2\/comments?post=196726"}],"version-history":[{"count":0,"href":"https:\/\/www.europesays.com\/lv\/wp-json\/wp\/v2\/posts\/196726\/revisions"}],"wp:featuredmedia":[{"embeddable":true,"href":"https:\/\/www.europesays.com\/lv\/wp-json\/wp\/v2\/media\/196727"}],"wp:attachment":[{"href":"https:\/\/www.europesays.com\/lv\/wp-json\/wp\/v2\/media?parent=196726"}],"wp:term":[{"taxonomy":"category","embeddable":true,"href":"https:\/\/www.europesays.com\/lv\/wp-json\/wp\/v2\/categories?post=196726"},{"taxonomy":"post_tag","embeddable":true,"href":"https:\/\/www.europesays.com\/lv\/wp-json\/wp\/v2\/tags?post=196726"}],"curies":[{"name":"wp","href":"https:\/\/api.w.org\/{rel}","templated":true}]}}