{"id":19709,"date":"2025-10-13T05:05:08","date_gmt":"2025-10-13T05:05:08","guid":{"rendered":"https:\/\/www.europesays.com\/lv\/19709\/"},"modified":"2025-10-13T05:05:08","modified_gmt":"2025-10-13T05:05:08","slug":"ja-krievija-neizbeigs-karu-asv-varetu-nodot-ukrainai-tomahawk-raketes","status":"publish","type":"post","link":"https:\/\/www.europesays.com\/lv\/19709\/","title":{"rendered":"Ja Krievija neizbeigs karu, ASV var\u0113tu nodot Ukrainai &#8220;Tomahawk&#8221; ra\u0137etes"},"content":{"rendered":"<p>Pirms \u0161\u012b pazi\u0146ojuma notika Trampa un Ukrainas prezidenta Volodimira Zelenska telefonsaruna, un t\u0101s gait\u0101 tika apspriesta iesp\u0113ja, ka <a href=\"https:\/\/www.tvnet.lv\/term\/8497\/ukraina\" class=\"topicLink\" target=\"_blank\" rel=\"nofollow noopener\">Ukraina<\/a> var\u0113tu sa\u0146emt ra\u0137etes &#8220;Tomahawk&#8221;.<\/p>\n<p>&#8220;Iesp\u0113jams, es ar vi\u0146u (ar Krievijas diktatoru Vladimiru Putinu) parun\u0101\u0161u. Varb\u016bt es teik\u0161u &#8211; klau, ja \u0161o karu neizdosies noregul\u0113t, es nos\u016bt\u012b\u0161u vi\u0146iem ra\u0137etes &#8220;Tomahawk&#8221;,&#8221; ce\u013c\u0101 uz Izra\u0113lu lidma\u0161\u012bn\u0101 &#8220;Air Force One&#8221; sac\u012bja <a href=\"https:\/\/www.tvnet.lv\/term\/555410\/asv\" class=\"topicLink\" target=\"_blank\" rel=\"nofollow noopener\">ASV<\/a> prezidents.<\/p>\n<blockquote class=\"quote ck-widget\" contenteditable=\"false\">\n<p>Zelenskis iepriek\u0161 pauda, ka gad\u012bjum\u0101, ja ASV piekrit\u012bs nodot ra\u0137etes &#8220;Tomahawk&#8221; Ukrainai, Kijiva t\u0101s izmantos tikai pret milit\u0101riem m\u0113r\u0137iem.<\/p>\n<\/blockquote>\n<p>&#8220;M\u0113s redzam un dzirdam &#8211; <a href=\"https:\/\/www.tvnet.lv\/term\/555452\/krievija\" class=\"topicLink\" target=\"_blank\" rel=\"nofollow noopener\">Krievija<\/a> baid\u0101s, ka amerik\u0101\u0146i var\u0113tu mums iedot &#8220;Tomahawk&#8221;. Tas ir sign\u0101ls, ka \u0161\u0101ds spiediens var str\u0101d\u0101t miera lab\u0101,&#8221; platform\u0101 &#8220;Telegram&#8221; nor\u0101d\u012bja Zelenskis.<\/p>\n","protected":false},"excerpt":{"rendered":"Pirms \u0161\u012b pazi\u0146ojuma notika Trampa un Ukrainas prezidenta Volodimira Zelenska telefonsaruna, un t\u0101s gait\u0101 tika apspriesta iesp\u0113ja, ka&hellip;\n","protected":false},"author":2,"featured_media":19710,"comment_status":"","ping_status":"","sticky":false,"template":"","format":"standard","meta":{"footnotes":""},"categories":[14],"tags":[23,57,292,28,29,542,32,33,22,234,74,30,31,35,39,38,36,37,34,40,20,26,27,24,25,276,54,55,56,21,58],"class_list":{"0":"post-19709","1":"post","2":"type-post","3":"status-publish","4":"format-standard","5":"has-post-thumbnail","7":"category-zinas-no-arvalstim","8":"tag-aktualitates","9":"tag-arvalstim","10":"tag-asv","11":"tag-breaking-news","12":"tag-breakingnews","13":"tag-donalds-tramps","14":"tag-featured-news","15":"tag-featurednews","16":"tag-headlines","17":"tag-krievija","18":"tag-krievijas-iebrukums-ukraina","19":"tag-latest-news","20":"tag-latestnews","21":"tag-latvia","22":"tag-latvian","23":"tag-latviesu","24":"tag-latviesu-valoda","25":"tag-latviesuvaloda","26":"tag-latvija","27":"tag-lv","28":"tag-news","29":"tag-popularakas-zinas","30":"tag-popularakaszinas","31":"tag-top-stories","32":"tag-topstories","33":"tag-ukraina","34":"tag-world","35":"tag-world-news","36":"tag-worldnews","37":"tag-zinas","38":"tag-zinas-no-arvalstim"},"share_on_mastodon":{"url":"","error":""},"_links":{"self":[{"href":"https:\/\/www.europesays.com\/lv\/wp-json\/wp\/v2\/posts\/19709","targetHints":{"allow":["GET"]}}],"collection":[{"href":"https:\/\/www.europesays.com\/lv\/wp-json\/wp\/v2\/posts"}],"about":[{"href":"https:\/\/www.europesays.com\/lv\/wp-json\/wp\/v2\/types\/post"}],"author":[{"embeddable":true,"href":"https:\/\/www.europesays.com\/lv\/wp-json\/wp\/v2\/users\/2"}],"replies":[{"embeddable":true,"href":"https:\/\/www.europesays.com\/lv\/wp-json\/wp\/v2\/comments?post=19709"}],"version-history":[{"count":0,"href":"https:\/\/www.europesays.com\/lv\/wp-json\/wp\/v2\/posts\/19709\/revisions"}],"wp:featuredmedia":[{"embeddable":true,"href":"https:\/\/www.europesays.com\/lv\/wp-json\/wp\/v2\/media\/19710"}],"wp:attachment":[{"href":"https:\/\/www.europesays.com\/lv\/wp-json\/wp\/v2\/media?parent=19709"}],"wp:term":[{"taxonomy":"category","embeddable":true,"href":"https:\/\/www.europesays.com\/lv\/wp-json\/wp\/v2\/categories?post=19709"},{"taxonomy":"post_tag","embeddable":true,"href":"https:\/\/www.europesays.com\/lv\/wp-json\/wp\/v2\/tags?post=19709"}],"curies":[{"name":"wp","href":"https:\/\/api.w.org\/{rel}","templated":true}]}}