{"id":197228,"date":"2026-05-08T04:35:07","date_gmt":"2026-05-08T04:35:07","guid":{"rendered":"https:\/\/www.europesays.com\/lv\/197228\/"},"modified":"2026-05-08T04:35:07","modified_gmt":"2026-05-08T04:35:07","slug":"maskava-gatavojas-9-maija-paradei-ukrainas-dronu-triecienu-ena","status":"publish","type":"post","link":"https:\/\/www.europesays.com\/lv\/197228\/","title":{"rendered":"Maskav\u0101 gatavojas 9. maija par\u0101dei, Ukrainas dronu triecienu \u0113n\u0101"},"content":{"rendered":"<p>&#8220;Iepriek\u0161 nebija biju\u0161i t\u0101di triecieni k\u0101 Tuaps\u0113 vai Perm\u0101 vai k\u0101 Kiri\u0161as r\u016bpn\u012bc\u0101: t\u0101 uz vair\u0101k\u0101m ned\u0113\u013c\u0101m p\u0101rtrauc darbu, lai veiktu remontu, bet agr\u0101k to salaboja vien\u0101 dien\u0101. T\u0101tad agr\u0101k post\u012bjumu apm\u0113rs bija maz\u0101ks. Ac\u012bmredzot Ukrainas bezpilota sist\u0113mu iesp\u0113jas ir palielin\u0101ju\u0161\u0101s. T\u0101p\u0113c tas, kas pag\u0101ju\u0161aj\u0101 gad\u0101 \u0161\u0137ita iesp\u0113jams, tagad izskat\u0101s bied\u0113jo\u0161i.&#8221;<\/p>\n","protected":false},"excerpt":{"rendered":"&#8220;Iepriek\u0161 nebija biju\u0161i t\u0101di triecieni k\u0101 Tuaps\u0113 vai Perm\u0101 vai k\u0101 Kiri\u0161as r\u016bpn\u012bc\u0101: t\u0101 uz vair\u0101k\u0101m ned\u0113\u013c\u0101m p\u0101rtrauc&hellip;\n","protected":false},"author":2,"featured_media":197229,"comment_status":"","ping_status":"","sticky":false,"template":"","format":"standard","meta":{"footnotes":"","_share_on_mastodon":"0"},"categories":[14],"tags":[36325,23,57,28,29,32,33,22,30,31,35,39,38,36,37,34,40,20,26,27,24,25,54,55,56,21,58],"class_list":["post-197228","post","type-post","status-publish","format-standard","has-post-thumbnail","category-zinas-no-arvalstim","tag-9-maijskrievijamaskava","tag-aktualitates","tag-arvalstim","tag-breaking-news","tag-breakingnews","tag-featured-news","tag-featurednews","tag-headlines","tag-latest-news","tag-latestnews","tag-latvia","tag-latvian","tag-latviesu","tag-latviesu-valoda","tag-latviesuvaloda","tag-latvija","tag-lv","tag-news","tag-popularakas-zinas","tag-popularakaszinas","tag-top-stories","tag-topstories","tag-world","tag-world-news","tag-worldnews","tag-zinas","tag-zinas-no-arvalstim"],"share_on_mastodon":{"url":"https:\/\/pubeurope.com\/@lv\/116537099733648743","error":""},"_links":{"self":[{"href":"https:\/\/www.europesays.com\/lv\/wp-json\/wp\/v2\/posts\/197228","targetHints":{"allow":["GET"]}}],"collection":[{"href":"https:\/\/www.europesays.com\/lv\/wp-json\/wp\/v2\/posts"}],"about":[{"href":"https:\/\/www.europesays.com\/lv\/wp-json\/wp\/v2\/types\/post"}],"author":[{"embeddable":true,"href":"https:\/\/www.europesays.com\/lv\/wp-json\/wp\/v2\/users\/2"}],"replies":[{"embeddable":true,"href":"https:\/\/www.europesays.com\/lv\/wp-json\/wp\/v2\/comments?post=197228"}],"version-history":[{"count":0,"href":"https:\/\/www.europesays.com\/lv\/wp-json\/wp\/v2\/posts\/197228\/revisions"}],"wp:featuredmedia":[{"embeddable":true,"href":"https:\/\/www.europesays.com\/lv\/wp-json\/wp\/v2\/media\/197229"}],"wp:attachment":[{"href":"https:\/\/www.europesays.com\/lv\/wp-json\/wp\/v2\/media?parent=197228"}],"wp:term":[{"taxonomy":"category","embeddable":true,"href":"https:\/\/www.europesays.com\/lv\/wp-json\/wp\/v2\/categories?post=197228"},{"taxonomy":"post_tag","embeddable":true,"href":"https:\/\/www.europesays.com\/lv\/wp-json\/wp\/v2\/tags?post=197228"}],"curies":[{"name":"wp","href":"https:\/\/api.w.org\/{rel}","templated":true}]}}