{"id":19734,"date":"2025-10-13T05:41:08","date_gmt":"2025-10-13T05:41:08","guid":{"rendered":"https:\/\/www.europesays.com\/lv\/19734\/"},"modified":"2025-10-13T05:41:08","modified_gmt":"2025-10-13T05:41:08","slug":"es-ir-atradusi-celu-ka-iesaldetos-krievijas-lidzeklus-novirzit-ukrainai","status":"publish","type":"post","link":"https:\/\/www.europesays.com\/lv\/19734\/","title":{"rendered":"ES ir atradusi ce\u013cu, k\u0101 iesald\u0113tos Krievijas l\u012bdzek\u013cus novirz\u012bt Ukrainai"},"content":{"rendered":"<p>P\u0113c politi\u0137es v\u0101rdiem, pa\u0161laik notiek virz\u012bba uz risin\u0101jumu, kad ap 160 miljardi eiro no iesald\u0113tajiem l\u012bdzek\u013ciem tiktu izsniegt Ukrainai k\u0101 aizdevums, kuru p\u0113c tam v\u0113l\u0101k segtu no Krievijas repar\u0101cij\u0101m, kas b\u016bs j\u0101maks\u0101 p\u0113c kara.<\/p>\n<p>Pa\u0161laik probl\u0113mas risin\u0101juma apstiprin\u0101\u0161anai saist\u012btas ar to, ka \u0161ie iesald\u0113tie l\u012bdzek\u013ci atrodas vien\u0101 valst\u012b &#8211; Be\u013c\u0123ij\u0101, kura v\u0113las pan\u0101kt t\u0101du risin\u0101jumu, lai visa atbild\u012bba iesp\u0113jamu tiesved\u012bbu gad\u012bjum\u0101 negultos uz to vienu pa\u0161u.<\/p>\n<p>Vaideres v\u0113rt\u0113juma, \u0161is un ar\u012b citi l\u012bdz\u012bgi gad\u012bjumi apliecina, ka kritiskos jaut\u0101jumos Eiropa ir vienota un probl\u0113mu risin\u0101jumi tiek rasti.<\/p>\n<p>K\u0101 zi\u0146ots, ES dal\u012bbvalstu l\u012bderiem neform\u0101laj\u0101 samit\u0101 Kopenh\u0101gen\u0101 oktobra s\u0101kum\u0101 v\u0113l neizdev\u0101s pan\u0101kt progresu sarun\u0101s par Eirop\u0101 iesald\u0113to Krievijas akt\u012bvu 140 miljardu eiro v\u0113rt\u012bb\u0101 izmanto\u0161anu pal\u012bdz\u012bbas snieg\u0161anai Ukrainai.<\/p>\n<p>Be\u013c\u0123ija piepras\u012bja, lai riski tiktu sadal\u012bti starp vis\u0101m ES dal\u012bbvalst\u012bm un lai tiktu nodro\u0161in\u0101ta tiesisk\u0101 aizsardz\u012bba Maskavas pras\u012bbu gad\u012bjum\u0101. Ar\u012b Francija un Luksemburga pauda ba\u017eas par juridiskaj\u0101m sek\u0101m. P\u0101r\u0113jie l\u012bderi kopum\u0101 piekrita l\u012bdzek\u013cu izmanto\u0161anas principam, bet uzdeva Eiropas Komisijai izstr\u0101d\u0101t pl\u0101na juridisk\u0101s un finansi\u0101l\u0101s deta\u013cas, lai \u0161o jaut\u0101jumu k\u0101d\u0101 no tuv\u0101kaj\u0101m ES l\u012bderu san\u0101ksm\u0113m skat\u012btu atk\u0101rtoti.<\/p>\n","protected":false},"excerpt":{"rendered":"P\u0113c politi\u0137es v\u0101rdiem, pa\u0161laik notiek virz\u012bba uz risin\u0101jumu, kad ap 160 miljardi eiro no iesald\u0113tajiem l\u012bdzek\u013ciem tiktu izsniegt&hellip;\n","protected":false},"author":2,"featured_media":19735,"comment_status":"","ping_status":"","sticky":false,"template":"","format":"standard","meta":{"footnotes":""},"categories":[14],"tags":[23,57,28,29,514,32,33,22,6436,74,30,31,35,39,38,36,37,34,40,20,26,27,24,25,54,55,56,21,58],"class_list":{"0":"post-19734","1":"post","2":"type-post","3":"status-publish","4":"format-standard","5":"has-post-thumbnail","7":"category-zinas-no-arvalstim","8":"tag-aktualitates","9":"tag-arvalstim","10":"tag-breaking-news","11":"tag-breakingnews","12":"tag-eiropas-savieniba","13":"tag-featured-news","14":"tag-featurednews","15":"tag-headlines","16":"tag-inese-vaidere","17":"tag-krievijas-iebrukums-ukraina","18":"tag-latest-news","19":"tag-latestnews","20":"tag-latvia","21":"tag-latvian","22":"tag-latviesu","23":"tag-latviesu-valoda","24":"tag-latviesuvaloda","25":"tag-latvija","26":"tag-lv","27":"tag-news","28":"tag-popularakas-zinas","29":"tag-popularakaszinas","30":"tag-top-stories","31":"tag-topstories","32":"tag-world","33":"tag-world-news","34":"tag-worldnews","35":"tag-zinas","36":"tag-zinas-no-arvalstim"},"share_on_mastodon":{"url":"","error":""},"_links":{"self":[{"href":"https:\/\/www.europesays.com\/lv\/wp-json\/wp\/v2\/posts\/19734","targetHints":{"allow":["GET"]}}],"collection":[{"href":"https:\/\/www.europesays.com\/lv\/wp-json\/wp\/v2\/posts"}],"about":[{"href":"https:\/\/www.europesays.com\/lv\/wp-json\/wp\/v2\/types\/post"}],"author":[{"embeddable":true,"href":"https:\/\/www.europesays.com\/lv\/wp-json\/wp\/v2\/users\/2"}],"replies":[{"embeddable":true,"href":"https:\/\/www.europesays.com\/lv\/wp-json\/wp\/v2\/comments?post=19734"}],"version-history":[{"count":0,"href":"https:\/\/www.europesays.com\/lv\/wp-json\/wp\/v2\/posts\/19734\/revisions"}],"wp:featuredmedia":[{"embeddable":true,"href":"https:\/\/www.europesays.com\/lv\/wp-json\/wp\/v2\/media\/19735"}],"wp:attachment":[{"href":"https:\/\/www.europesays.com\/lv\/wp-json\/wp\/v2\/media?parent=19734"}],"wp:term":[{"taxonomy":"category","embeddable":true,"href":"https:\/\/www.europesays.com\/lv\/wp-json\/wp\/v2\/categories?post=19734"},{"taxonomy":"post_tag","embeddable":true,"href":"https:\/\/www.europesays.com\/lv\/wp-json\/wp\/v2\/tags?post=19734"}],"curies":[{"name":"wp","href":"https:\/\/api.w.org\/{rel}","templated":true}]}}