{"id":19767,"date":"2025-10-13T06:13:09","date_gmt":"2025-10-13T06:13:09","guid":{"rendered":"https:\/\/www.europesays.com\/lv\/19767\/"},"modified":"2025-10-13T06:13:09","modified_gmt":"2025-10-13T06:13:09","slug":"francija-izveidota-jauna-valdiba-tvnet","status":"publish","type":"post","link":"https:\/\/www.europesays.com\/lv\/19767\/","title":{"rendered":"Francij\u0101 izveidota jauna vald\u012bba &#8211; TVNET"},"content":{"rendered":"<ol>\n<li><a href=\"https:\/\/news.google.com\/rss\/articles\/CBMibkFVX3lxTE82cHg4WGdmOWMzeWxJU0VQWGdUSUpIRE5uYndCTGQ1RGt3T2J2VVlIMmE4Nks3LURlWm1qRktaTUJ3c29oUGpWRlBjV2NET19OQnJKbHY5VXh6MlEycG5UUllaa3dDdktOcUhLMm5n?oc=5\" target=\"_blank\" rel=\"nofollow noopener\">Francij\u0101 izveidota jauna vald\u012bba<\/a>&nbsp;&nbsp;TVNET<\/li>\n<li><a href=\"https:\/\/news.google.com\/rss\/articles\/CBMi5AFBVV95cUxPSVVZMW1JU1V5WmhtX2tRWnByVUNGZ1NlMGtBNmEwTnp5YVBDek5JbERJcjI3eGVHZkwtWkxiWXJESzhvVGg4WU9pbnFMbkxHYm5HckY2cV9QWU1yS0x1Mnh0cHpzTHVQbmRTbUhNYnJLeFBTV3c1NDF6cnRITFo3VjF2eG9RQjNlQ2FJaE5qVlVoZnFzM2UyS0Ziam4wclBfVGxTdHpOaVkzeV9CeWt3QUxWSkw4RXVVbVpsTld2cGtudmxHRXZsR2hNdGstNzhKMEJPMGk0c3REN3V6T1JNSXBMMG4?oc=5\" target=\"_blank\" rel=\"nofollow noopener\">Lekorn\u012b izveidojis jau otro Francijas vald\u012bbu \/ 13.10.2025 \/ Ieraksts<\/a>&nbsp;&nbsp;REplay.lv<\/li>\n<li><a href=\"https:\/\/news.google.com\/rss\/articles\/CBMiwwFBVV95cUxOeG1wdGsxb3RrUVFadldIdlBRRllMcjN6T2dad05pMTRLZnpTdE13S2g2RnNscnhVMEJmTUs5VzZaa3UxSHZoUWpqc1lTdTJfSVNIVjVUa25OSGJid2UydmNyaVpaR3o4UFQwRktlNnVsOW5qLXJvVFFVVElTcUd4UnRpd1hKMDNrVWZxRzZTcXJNZENEbFVoQWxIYWFzTXFsU0UzSG5RbHVCdzRBQUxkZFlGMkU5dkJidVJWNlRrWTRiSTg?oc=5\" target=\"_blank\" rel=\"nofollow noopener\">Lekorn\u012b \u010detras dienas p\u0113c demisijas atkal k\u013c\u016bst par Francijas premjerministru<\/a>&nbsp;&nbsp;Delfi<\/li>\n<li><a href=\"https:\/\/news.google.com\/rss\/articles\/CBMiygFBVV95cUxPbHVPMWFObXRkVjdPY1ZuR2k0Q09Oak1NRHpQLW9OT2REVHcwcjhhWWxuNm9SN0g2UGNWN0FjUXlORXZ6V05FZm9iYlc5eFFWNzUyRzFiM2swbTFfc3duRnU3STMyY29TaktEM09rWEtIcHhXVmk5dEtFLVBtdl93Sm9OTXZPRlNNRmdTa2FYaXJrVHA0TGtMT0VkV2RKemZEb181NGJrWWpuRFBMYmotQmZYZXRmSjBWbXliWWdfSDJtQVpNUkd6MFVB?oc=5\" target=\"_blank\" rel=\"nofollow noopener\">\u201cFrancija ir tuvu nevald\u0101mam st\u0101voklim!\u201d Francij\u0101 beigusi darbu k\u0101rt\u0113j\u0101 vald\u012bba, Makrons non\u0101cis sare\u017e\u0123\u012bt\u0101 situ\u0101cij\u0101<\/a>&nbsp;&nbsp;LA.LV<\/li>\n<li><a href=\"https:\/\/news.google.com\/rss\/articles\/CBMiwgFBVV95cUxQc0dkVVJ2dkgyenBCSkc3RWM0aXhZNFd1LVBKMDNISkNHbmdFOVVCLTZ0eUNHcndSd1dlbTFQNVhKeEJtcWQ2RWRVSGp2NUUtQm9BakFZNm1PdTQ2cTVWRkF3S3h0M3JLWjZQS3JEczBBeEdiTk13dFZaRERJWkp6elhINGhzZjB1Mk9tU1dTa3RGT2JINjVERGpLVGozRFZQZEJaOGs3UVVKeE0wTVJvVkZkRGlCaklkWEVwa01TMmFOdw?oc=5\" target=\"_blank\" rel=\"nofollow noopener\">Vai ES liel\u0101kais murgs piepild\u012bsies? Francijas politisk\u0101 kr\u012bze var fundament\u0101li main\u012bt Eiropu<\/a>&nbsp;&nbsp;tv3.lv<\/li>\n<\/ol>\n","protected":false},"excerpt":{"rendered":"Francij\u0101 izveidota jauna vald\u012bba&nbsp;&nbsp;TVNET Lekorn\u012b izveidojis jau otro Francijas vald\u012bbu \/ 13.10.2025 \/ Ieraksts&nbsp;&nbsp;REplay.lv Lekorn\u012b \u010detras dienas p\u0113c&hellip;\n","protected":false},"author":2,"featured_media":19768,"comment_status":"","ping_status":"","sticky":false,"template":"","format":"standard","meta":{"footnotes":""},"categories":[5],"tags":[23,28,29,1310,32,33,1309,22,30,31,35,39,38,36,37,34,40,20,26,27,24,25,21],"class_list":{"0":"post-19767","1":"post","2":"type-post","3":"status-publish","4":"format-standard","5":"has-post-thumbnail","7":"category-aktualitates","8":"tag-aktualitates","9":"tag-breaking-news","10":"tag-breakingnews","11":"tag-emanuels-makrons","12":"tag-featured-news","13":"tag-featurednews","14":"tag-francija","15":"tag-headlines","16":"tag-latest-news","17":"tag-latestnews","18":"tag-latvia","19":"tag-latvian","20":"tag-latviesu","21":"tag-latviesu-valoda","22":"tag-latviesuvaloda","23":"tag-latvija","24":"tag-lv","25":"tag-news","26":"tag-popularakas-zinas","27":"tag-popularakaszinas","28":"tag-top-stories","29":"tag-topstories","30":"tag-zinas"},"share_on_mastodon":{"url":"","error":""},"_links":{"self":[{"href":"https:\/\/www.europesays.com\/lv\/wp-json\/wp\/v2\/posts\/19767","targetHints":{"allow":["GET"]}}],"collection":[{"href":"https:\/\/www.europesays.com\/lv\/wp-json\/wp\/v2\/posts"}],"about":[{"href":"https:\/\/www.europesays.com\/lv\/wp-json\/wp\/v2\/types\/post"}],"author":[{"embeddable":true,"href":"https:\/\/www.europesays.com\/lv\/wp-json\/wp\/v2\/users\/2"}],"replies":[{"embeddable":true,"href":"https:\/\/www.europesays.com\/lv\/wp-json\/wp\/v2\/comments?post=19767"}],"version-history":[{"count":0,"href":"https:\/\/www.europesays.com\/lv\/wp-json\/wp\/v2\/posts\/19767\/revisions"}],"wp:featuredmedia":[{"embeddable":true,"href":"https:\/\/www.europesays.com\/lv\/wp-json\/wp\/v2\/media\/19768"}],"wp:attachment":[{"href":"https:\/\/www.europesays.com\/lv\/wp-json\/wp\/v2\/media?parent=19767"}],"wp:term":[{"taxonomy":"category","embeddable":true,"href":"https:\/\/www.europesays.com\/lv\/wp-json\/wp\/v2\/categories?post=19767"},{"taxonomy":"post_tag","embeddable":true,"href":"https:\/\/www.europesays.com\/lv\/wp-json\/wp\/v2\/tags?post=19767"}],"curies":[{"name":"wp","href":"https:\/\/api.w.org\/{rel}","templated":true}]}}