{"id":197852,"date":"2026-05-08T21:14:07","date_gmt":"2026-05-08T21:14:07","guid":{"rendered":"https:\/\/www.europesays.com\/lv\/197852\/"},"modified":"2026-05-08T21:14:07","modified_gmt":"2026-05-08T21:14:07","slug":"diktatora-putina-nozelojama-parade-uz-kuru-neviens-nebrauc","status":"publish","type":"post","link":"https:\/\/www.europesays.com\/lv\/197852\/","title":{"rendered":"Diktatora Putina no\u017e\u0113lojam\u0101 par\u0101de, uz kuru neviens nebrauc"},"content":{"rendered":"<p class=\"Paragraph SCXW221832928 BCX0\">2022. gad\u0101, neilgi p\u0113c Krievijas pilna apjoma iebrukuma Ukrain\u0101, Maskav\u0101 uz 9. maija par\u0101di nebija ieradies neviens \u0101rvalstu l\u012bderis, pat ne uzticamais diktatora Vladimira Putina sabiedrotais Aleksandrs Luka\u0161enko. Kremlis gan ar\u012b toreiz apgalvoja, ka neviens neesot atbraucis t\u0101p\u0113c, ka neviens netika aicin\u0101ts.<\/p>\n<p class=\"Paragraph SCXW221832928 BCX0\">\ufe0f2025. gad\u0101, kad aprit\u0113ja 80 gadi kop\u0161 Otr\u0101 pasaules kara beig\u0101m, Putins var\u0113ja di\u017eoties ar daudz kupl\u0101ku \u0101rvalstu viesu skaitu \u2013 uz par\u0101di bija ieradu\u0161ies 27 \u0101rvalstu l\u012bderi, ieskaitot ar\u012b starptautiski neatz\u012btu valstu \u201cvad\u012bt\u0101jus\u201d.<\/p>\n<p class=\"Paragraph SCXW221832928 BCX0\">Kas Sarkanaj\u0101 laukum\u0101 gaid\u0101ms \u0161ogad?<\/p>\n","protected":false},"excerpt":{"rendered":"2022. gad\u0101, neilgi p\u0113c Krievijas pilna apjoma iebrukuma Ukrain\u0101, Maskav\u0101 uz 9. maija par\u0101di nebija ieradies neviens \u0101rvalstu&hellip;\n","protected":false},"author":2,"featured_media":197853,"comment_status":"","ping_status":"","sticky":false,"template":"","format":"standard","meta":{"footnotes":"","_share_on_mastodon":"0"},"categories":[5],"tags":[34690,23,28,29,32,33,22,74,30,31,35,39,38,36,37,34,40,6922,20,26,27,24,25,235,21],"class_list":["post-197852","post","type-post","status-publish","format-standard","has-post-thumbnail","category-aktualitates","tag-9-maijs","tag-aktualitates","tag-breaking-news","tag-breakingnews","tag-featured-news","tag-featurednews","tag-headlines","tag-krievijas-iebrukums-ukraina","tag-latest-news","tag-latestnews","tag-latvia","tag-latvian","tag-latviesu","tag-latviesu-valoda","tag-latviesuvaloda","tag-latvija","tag-lv","tag-maskava","tag-news","tag-popularakas-zinas","tag-popularakaszinas","tag-top-stories","tag-topstories","tag-vladimirs-putins","tag-zinas"],"share_on_mastodon":{"url":"https:\/\/pubeurope.com\/@lv\/116541028237109362","error":""},"_links":{"self":[{"href":"https:\/\/www.europesays.com\/lv\/wp-json\/wp\/v2\/posts\/197852","targetHints":{"allow":["GET"]}}],"collection":[{"href":"https:\/\/www.europesays.com\/lv\/wp-json\/wp\/v2\/posts"}],"about":[{"href":"https:\/\/www.europesays.com\/lv\/wp-json\/wp\/v2\/types\/post"}],"author":[{"embeddable":true,"href":"https:\/\/www.europesays.com\/lv\/wp-json\/wp\/v2\/users\/2"}],"replies":[{"embeddable":true,"href":"https:\/\/www.europesays.com\/lv\/wp-json\/wp\/v2\/comments?post=197852"}],"version-history":[{"count":0,"href":"https:\/\/www.europesays.com\/lv\/wp-json\/wp\/v2\/posts\/197852\/revisions"}],"wp:featuredmedia":[{"embeddable":true,"href":"https:\/\/www.europesays.com\/lv\/wp-json\/wp\/v2\/media\/197853"}],"wp:attachment":[{"href":"https:\/\/www.europesays.com\/lv\/wp-json\/wp\/v2\/media?parent=197852"}],"wp:term":[{"taxonomy":"category","embeddable":true,"href":"https:\/\/www.europesays.com\/lv\/wp-json\/wp\/v2\/categories?post=197852"},{"taxonomy":"post_tag","embeddable":true,"href":"https:\/\/www.europesays.com\/lv\/wp-json\/wp\/v2\/tags?post=197852"}],"curies":[{"name":"wp","href":"https:\/\/api.w.org\/{rel}","templated":true}]}}