{"id":197906,"date":"2026-05-09T01:03:41","date_gmt":"2026-05-09T01:03:41","guid":{"rendered":"https:\/\/www.europesays.com\/lv\/197906\/"},"modified":"2026-05-09T01:03:41","modified_gmt":"2026-05-09T01:03:41","slug":"socialajos-tiklos-izsmej-maskavas-lemumu-uzvaras-dienas-paradi-aizvadit-bez-militaras-tehnikas","status":"publish","type":"post","link":"https:\/\/www.europesays.com\/lv\/197906\/","title":{"rendered":"Soci\u0101lajos t\u012bklos izsmej Maskavas l\u0113mumu &#8220;Uzvaras dienas&#8221; par\u0101di aizvad\u012bt bez milit\u0101r\u0101s tehnikas"},"content":{"rendered":"<p>\u012apa\u0161a loma \u0161aj\u0101 digit\u0101laj\u0101 reakcij\u0101 ir Ukrainas un proukrainiskajai soci\u0101lo mediju videi, kas kara laik\u0101 vair\u0101kk\u0101rt demonstr\u0113jusi sp\u0113ju \u0101tri p\u0101rv\u0113rst aktu\u0101los notikumus \u012bsos, viegli kop\u012bgojamos v\u0113st\u012bjumos. Ar\u012b \u0161oreiz par m\u012bmu materi\u0101lu k\u013cuvu\u0161i gan dro\u0161\u012bbas pas\u0101kumi, gan milit\u0101r\u0101s tehnikas neiek\u013cau\u0161ana par\u0101d\u0113, gan iesp\u0113jamie dronu draudi.<\/p>\n<p>Vienlaikus soci\u0101lo mediju reakcijas izgaismo ar\u012b riskus. Atsevi\u0161\u0137i att\u0113li ir m\u0101ksl\u012bgi \u0123ener\u0113ti vai p\u0101rveidoti, t\u0101d\u0113\u013c tos nevar uztvert k\u0101 pier\u0101d\u012bjumus par konkr\u0113tiem dro\u0161\u012bbas risin\u0101jumiem Maskav\u0101. Tie dr\u012bz\u0101k j\u0101v\u0113rt\u0113 k\u0101 politiska sat\u012bra un inform\u0101cijas kara produkts, kur\u0101 noz\u012bme ir ne tikai faktam, bet ar\u012b emocijai, ko att\u0113ls rada.<\/p>\n<p>Latvijas kontekst\u0101 9. maija simbolisk\u0101 noz\u012bme p\u0113d\u0113jos gados b\u016btiski main\u012bjusies. P\u0113c Krievijas pilna m\u0113roga iebrukuma Ukrain\u0101 valsts dro\u0161\u012bbas dienesti pastiprin\u0101ti uzrauga ar 9. maiju saist\u012btos riskus, tostarp sabiedrisko k\u0101rt\u012bbu un iesp\u0113jamus provokat\u012bvus pas\u0101kumus. L\u012bdz ar ierobe\u017eojumiem publiskaj\u0101 telp\u0101 da\u013ca ar 9. maiju saist\u012bt\u0101s simbolisk\u0101s c\u012b\u0146as p\u0101rvietojas uz digit\u0101lo vidi.<\/p>\n<p>A\u0123ent\u016bra LETA nov\u0113roja, ka, piem\u0113ram, Latvijas Krievu savien\u012bbas p\u0101rst\u0101vji soci\u0101lo t\u012bklu platform\u0101s br\u012bdina un izgl\u012bto sekot\u0101jus, ko nedr\u012bkst\u0113tu vai nevajadz\u0113tu dar\u012bt 9. maij\u0101 Latvij\u0101, lai nenopeln\u012btu sodu, k\u0101 ar\u012b k\u0101 lab\u0101k piemin\u0113t kar\u0101 kritu\u0161os.<\/p>\n<p>T\u0101d\u0113j\u0101di \u0161\u0101 gada 9. maija priek\u0161vakars soci\u0101lajos medijos r\u0101d\u012bjis pla\u0161\u0101ku p\u0101rmai\u0146u inform\u0101cijas kar\u0101. C\u012b\u0146a par v\u0113sturi un simboliem vairs nenotiek tikai pie pieminek\u013ciem, par\u0101d\u0113s vai telev\u012bzijas si\u017eetos. T\u0101 arvien bie\u017e\u0101k notiek \u012bsos video, att\u0113los un m\u012bmos, kuros Krievijas &#8220;Uzvaras diena&#8221; tiek par\u0101d\u012bta nevis k\u0101 neapstr\u012bdams varen\u012bbas ritu\u0101ls, bet k\u0101 aizsarg\u0101ts un izsmejams propagandas pas\u0101kums.<\/p>\n","protected":false},"excerpt":{"rendered":"\u012apa\u0161a loma \u0161aj\u0101 digit\u0101laj\u0101 reakcij\u0101 ir Ukrainas un proukrainiskajai soci\u0101lo mediju videi, kas kara laik\u0101 vair\u0101kk\u0101rt demonstr\u0113jusi sp\u0113ju&hellip;\n","protected":false},"author":2,"featured_media":197907,"comment_status":"","ping_status":"","sticky":false,"template":"","format":"standard","meta":{"footnotes":"","_share_on_mastodon":"0"},"categories":[5],"tags":[34690,23,28,29,32,33,22,234,74,30,31,35,39,38,36,37,34,40,20,26,27,8477,11426,24,25,21],"class_list":["post-197906","post","type-post","status-publish","format-standard","has-post-thumbnail","category-aktualitates","tag-9-maijs","tag-aktualitates","tag-breaking-news","tag-breakingnews","tag-featured-news","tag-featurednews","tag-headlines","tag-krievija","tag-krievijas-iebrukums-ukraina","tag-latest-news","tag-latestnews","tag-latvia","tag-latvian","tag-latviesu","tag-latviesu-valoda","tag-latviesuvaloda","tag-latvija","tag-lv","tag-news","tag-popularakas-zinas","tag-popularakaszinas","tag-socialie-mediji","tag-socialie-tikli","tag-top-stories","tag-topstories","tag-zinas"],"share_on_mastodon":{"url":"https:\/\/pubeurope.com\/@lv\/116541928501373339","error":""},"_links":{"self":[{"href":"https:\/\/www.europesays.com\/lv\/wp-json\/wp\/v2\/posts\/197906","targetHints":{"allow":["GET"]}}],"collection":[{"href":"https:\/\/www.europesays.com\/lv\/wp-json\/wp\/v2\/posts"}],"about":[{"href":"https:\/\/www.europesays.com\/lv\/wp-json\/wp\/v2\/types\/post"}],"author":[{"embeddable":true,"href":"https:\/\/www.europesays.com\/lv\/wp-json\/wp\/v2\/users\/2"}],"replies":[{"embeddable":true,"href":"https:\/\/www.europesays.com\/lv\/wp-json\/wp\/v2\/comments?post=197906"}],"version-history":[{"count":0,"href":"https:\/\/www.europesays.com\/lv\/wp-json\/wp\/v2\/posts\/197906\/revisions"}],"wp:featuredmedia":[{"embeddable":true,"href":"https:\/\/www.europesays.com\/lv\/wp-json\/wp\/v2\/media\/197907"}],"wp:attachment":[{"href":"https:\/\/www.europesays.com\/lv\/wp-json\/wp\/v2\/media?parent=197906"}],"wp:term":[{"taxonomy":"category","embeddable":true,"href":"https:\/\/www.europesays.com\/lv\/wp-json\/wp\/v2\/categories?post=197906"},{"taxonomy":"post_tag","embeddable":true,"href":"https:\/\/www.europesays.com\/lv\/wp-json\/wp\/v2\/tags?post=197906"}],"curies":[{"name":"wp","href":"https:\/\/api.w.org\/{rel}","templated":true}]}}