{"id":197939,"date":"2026-05-09T04:54:08","date_gmt":"2026-05-09T04:54:08","guid":{"rendered":"https:\/\/www.europesays.com\/lv\/197939\/"},"modified":"2026-05-09T04:54:08","modified_gmt":"2026-05-09T04:54:08","slug":"kas-palicis-pari-no-9-maija-latvija-un-krievija","status":"publish","type":"post","link":"https:\/\/www.europesays.com\/lv\/197939\/","title":{"rendered":"Kas palicis p\u0101ri no 9. maija Latvij\u0101 un Krievij\u0101?"},"content":{"rendered":"<p>9. maija atz\u012bm\u0113\u0161ana Latvij\u0101 vairs nav tik izteikta k\u0101 agr\u0101k, tom\u0113r diskusijas par \u0161o datumu joproj\u0101m turpin\u0101s. P\u0113c pieminek\u013ca nojauk\u0161anas 2022. gad\u0101 Uzvaras parks vairs nav pulc\u0113\u0161an\u0101s vieta, kur pirms tam san\u0101ca pat vair\u0101k nek\u0101 100 t\u016bksto\u0161i cilv\u0113ku. Tom\u0113r cilv\u0113ki ar prokremliskiem uzskatiem nav pazudu\u0161i \u2013 vi\u0146i k\u013cuvu\u0161i klus\u0101ki un savus uzskatus publiski izsaka ret\u0101k.<\/p>\n<p>\u0160odien Uzvaras parks p\u0113c pieminek\u013ca nojauk\u0161anas ir k\u013cuvis mier\u012bg\u0101ks un draudz\u012bg\u0101ks \u0123imen\u0113m. Tagad tur cilv\u0113ki pastaig\u0101jas, b\u0113rni sp\u0113l\u0113jas laukumos un apk\u0101rtne vairs nav saist\u012bta ar masveida politisk\u0101m svin\u012bb\u0101m.<\/p>\n<p>J\u0101piebilst, ka agr\u0101k liel\u0101s 9. maija svin\u012bbas R\u012bg\u0101 veicin\u0101ja politi\u0137i un organizatori, kuru d\u0113\u013c \u0161\u012b diena tika padar\u012bta par pla\u0161u pas\u0101kumu ar koncertiem un izklaid\u0113m. Tagad, kad \u0161\u0101du pas\u0101kumu vairs nav, ar\u012b interese mazin\u0101jusies.<\/p>\n<p>Podk\u0101st\u0101 tika apspriesta ar\u012b situ\u0101cija Krievij\u0101. \u0160\u012b gada<a href=\"https:\/\/tv3.lv\/zinas\/arvalstis\/maskava-pazino-par-izmainam-9-maija-parade-formats-sasaurinats-tehnika-atvalinajuma\/\" rel=\"nofollow noopener\" target=\"_blank\"> 9. maija milit\u0101r\u0101 par\u0101de Maskav\u0101 izskat\u012bsies pietic\u012bg\u0101ka nek\u0101 citus gadus.<\/a> Nolas\u0101ms tas, ka Krievija baid\u0101s no Ukrainas dronu uzbrukumiem un t\u0101p\u0113c dro\u0161\u012bbas pas\u0101kumi ir \u012bpa\u0161i stingri.<\/p>\n<p>Maz\u0101ka milit\u0101r\u0101s tehnikas demonstr\u0113\u0161ana var liecin\u0101t ar\u012b par Krievijas gr\u016bt\u012bb\u0101m kar\u0101 pret Ukrainu.<\/p>\n<p class=\"tv3-fw-500\">Zi\u0146o par k\u013c\u016bdu rakst\u0101<\/p>\n<p class=\"d-md-block d-none\">Iez\u012bm\u0113 k\u013c\u016bdaino tekstu un spied Ctrl+Enter.<\/p>\n<p class=\"d-md-none d-block\">Iez\u012bm\u0113 k\u013c\u016bdaino tekstu un zi\u0146o par to!<\/p>\n","protected":false},"excerpt":{"rendered":"9. maija atz\u012bm\u0113\u0161ana Latvij\u0101 vairs nav tik izteikta k\u0101 agr\u0101k, tom\u0113r diskusijas par \u0161o datumu joproj\u0101m turpin\u0101s. P\u0113c&hellip;\n","protected":false},"author":2,"featured_media":197940,"comment_status":"","ping_status":"","sticky":false,"template":"","format":"standard","meta":{"footnotes":"","_share_on_mastodon":"0"},"categories":[5],"tags":[36392,23,28,29,32,33,22,30,31,35,39,38,36,37,34,40,20,26,27,24,25,21],"class_list":["post-197939","post","type-post","status-publish","format-standard","has-post-thumbnail","category-aktualitates","tag-9-maijsuzvaras-parkszviedru-galds","tag-aktualitates","tag-breaking-news","tag-breakingnews","tag-featured-news","tag-featurednews","tag-headlines","tag-latest-news","tag-latestnews","tag-latvia","tag-latvian","tag-latviesu","tag-latviesu-valoda","tag-latviesuvaloda","tag-latvija","tag-lv","tag-news","tag-popularakas-zinas","tag-popularakaszinas","tag-top-stories","tag-topstories","tag-zinas"],"share_on_mastodon":{"url":"https:\/\/pubeurope.com\/@lv\/116542836950088894","error":""},"_links":{"self":[{"href":"https:\/\/www.europesays.com\/lv\/wp-json\/wp\/v2\/posts\/197939","targetHints":{"allow":["GET"]}}],"collection":[{"href":"https:\/\/www.europesays.com\/lv\/wp-json\/wp\/v2\/posts"}],"about":[{"href":"https:\/\/www.europesays.com\/lv\/wp-json\/wp\/v2\/types\/post"}],"author":[{"embeddable":true,"href":"https:\/\/www.europesays.com\/lv\/wp-json\/wp\/v2\/users\/2"}],"replies":[{"embeddable":true,"href":"https:\/\/www.europesays.com\/lv\/wp-json\/wp\/v2\/comments?post=197939"}],"version-history":[{"count":0,"href":"https:\/\/www.europesays.com\/lv\/wp-json\/wp\/v2\/posts\/197939\/revisions"}],"wp:featuredmedia":[{"embeddable":true,"href":"https:\/\/www.europesays.com\/lv\/wp-json\/wp\/v2\/media\/197940"}],"wp:attachment":[{"href":"https:\/\/www.europesays.com\/lv\/wp-json\/wp\/v2\/media?parent=197939"}],"wp:term":[{"taxonomy":"category","embeddable":true,"href":"https:\/\/www.europesays.com\/lv\/wp-json\/wp\/v2\/categories?post=197939"},{"taxonomy":"post_tag","embeddable":true,"href":"https:\/\/www.europesays.com\/lv\/wp-json\/wp\/v2\/tags?post=197939"}],"curies":[{"name":"wp","href":"https:\/\/api.w.org\/{rel}","templated":true}]}}